{"id":40536,"date":"2025-07-08T09:56:40","date_gmt":"2025-07-08T06:56:40","guid":{"rendered":"https:\/\/www.egemtv.com\/?p=40536"},"modified":"2025-07-08T09:56:45","modified_gmt":"2025-07-08T06:56:45","slug":"baskan-cercioglu-biz-calisiyoruz-aydin-kazaniyor","status":"publish","type":"post","link":"https:\/\/www.egemtv.com\/?p=40536","title":{"rendered":"Ba\u015fkan \u00c7er\u00e7io\u011flu: &#8220;Biz \u00e7al\u0131\u015f\u0131yoruz, Ayd\u0131n kazan\u0131yor&#8221;"},"content":{"rendered":"<p>Proje, yat\u0131r\u0131m ve hizmetleriyle Ayd\u0131n\u2019\u0131n 17 il\u00e7esinde vatanda\u015flar\u0131n yan\u0131nda olan Ayd\u0131n B\u00fcy\u00fck\u015fehir Belediye Ba\u015fkan\u0131 \u00d6zlem \u00c7er\u00e7io\u011flu, kent genelinde ger\u00e7ekle\u015ftirilen \u00e7al\u0131\u015fmalara destek olmak i\u00e7in yat\u0131r\u0131mlar\u0131n\u0131 s\u00fcrd\u00fcr\u00fcyor.<\/p>\n<p>Ayd\u0131n B\u00fcy\u00fck\u015fehir Belediyesi\u2019nin filosuna 24 yeni ara\u00e7 daha eklendi. 17 il\u00e7enin tamam\u0131nda, k\u0131rsal mahallelerden kent merkezlerine faaliyetlerini s\u00fcrd\u00fcren B\u00fcy\u00fck\u015fehir Belediyesi, filosuna katt\u0131\u011f\u0131 ara\u00e7lar ile g\u00fcc\u00fcne g\u00fc\u00e7 katt\u0131.<\/p>\n<p>&#8220;Biz bu \u015fehri birlikte y\u00f6netiyoruz&#8221;<br \/>\n<br \/>Ayd\u0131n B\u00fcy\u00fck\u015fehir Belediye Ba\u015fkan\u0131 \u00d6zlem \u00c7er\u00e7io\u011flu, yat\u0131r\u0131mlar\u0131 ve hizmetleri Ayd\u0131n\u2019\u0131n t\u00fcm il\u00e7elerinde vatanda\u015flara ula\u015ft\u0131rmay\u0131 s\u00fcrd\u00fcreceklerini belirterek, &#8220;Bug\u00fcn sizlerle g\u00fczel bir haberi payla\u015fman\u0131n mutlulu\u011funu ya\u015f\u0131yorum. Ayd\u0131n B\u00fcy\u00fck\u015fehir Belediyesi olarak, siz de\u011ferli hem\u015fehrilerimizden toplad\u0131\u011f\u0131m\u0131z vergileri, yine sizlerin hizmetine sunmak i\u00e7in 24 adet yeni hizmet arac\u0131n\u0131 belediyemize kazand\u0131rd\u0131k. Bu ara\u00e7lar sayesinde temizlikten altyap\u0131ya, sosyal destekten k\u0131rsal hizmetlere kadar bir\u00e7ok alanda \u00e7ok daha h\u0131zl\u0131 ve etkili hizmet verece\u011fiz. \u00c7\u00fcnk\u00fc biz, sizin her kuru\u015funuzu g\u00f6zeterek ve hakk\u0131n\u0131 vererek \u00e7al\u0131\u015fmaya s\u00f6z verdik. S\u00f6z\u00fcm\u00fcz\u00fc tutmaya da devam ediyoruz. Her zaman s\u00f6yledi\u011fim gibi \u2018Biz bu \u015fehri birlikte y\u00f6netiyoruz.\u2019 Sizlerin deste\u011fi ve g\u00fcveni olmadan bu yat\u0131r\u0131mlar m\u00fcmk\u00fcn olamazd\u0131. Bu ara\u00e7lar sadece birer ta\u015f\u0131t de\u011fil, i\u00e7inde emek, al\u0131n teri ve halk\u0131m\u0131z\u0131n g\u00fcveni var. Yeni hizmet ara\u00e7lar\u0131m\u0131z\u0131n Ayd\u0131n\u2019\u0131m\u0131za, \u00e7ocuklar\u0131m\u0131za, gelece\u011fimize hay\u0131rl\u0131 olmas\u0131n\u0131 diliyorum. Biz \u00e7al\u0131\u015f\u0131yoruz, Ayd\u0131n kazan\u0131yor&#8221; ifadelerini kulland\u0131.<\/p>\n<p>Vatanda\u015flar yat\u0131r\u0131mlar\u0131ndan, \u00e7al\u0131\u015fmalar\u0131ndan ve hizmetlerinden dolay\u0131 Ba\u015fkan \u00c7er\u00e7io\u011flu\u2019na te\u015fekk\u00fcr etti.<br \/><\/p>\n","protected":false},"excerpt":{"rendered":"<p>Proje, yat\u0131r\u0131m ve hizmetleriyle Ayd\u0131n\u2019\u0131n 17 il\u00e7esinde vatanda\u015flar\u0131n yan\u0131nda olan Ayd\u0131n B\u00fcy\u00fck\u015fehir Belediye Ba\u015fkan\u0131 \u00d6zlem \u00c7er\u00e7io\u011flu, kent genelinde ger\u00e7ekle\u015ftirilen \u00e7al\u0131\u015fmalara destek olmak i\u00e7in yat\u0131r\u0131mlar\u0131n\u0131 s\u00fcrd\u00fcr\u00fcyor. Ayd\u0131n B\u00fcy\u00fck\u015fehir Belediyesi\u2019nin filosuna 24 yeni ara\u00e7 daha eklendi. 17 il\u00e7enin tamam\u0131nda, k\u0131rsal mahallelerden kent merkezlerine faaliyetlerini s\u00fcrd\u00fcren B\u00fcy\u00fck\u015fehir Belediyesi, filosuna katt\u0131\u011f\u0131 ara\u00e7lar ile g\u00fcc\u00fcne g\u00fc\u00e7 katt\u0131. &#8220;Biz bu \u015fehri&#8230;<\/p>\n","protected":false},"author":1,"featured_media":40537,"comment_status":"open","ping_status":"open","sticky":false,"template":"","format":"standard","meta":{"_crdt_document":"","footnotes":""},"categories":[1],"tags":[],"class_list":["post-40536","post","type-post","status-publish","format-standard","has-post-thumbnail","hentry","category-guncel"],"_links":{"self":[{"href":"https:\/\/www.egemtv.com\/index.php?rest_route=\/wp\/v2\/posts\/40536","targetHints":{"allow":["GET"]}}],"collection":[{"href":"https:\/\/www.egemtv.com\/index.php?rest_route=\/wp\/v2\/posts"}],"about":[{"href":"https:\/\/www.egemtv.com\/index.php?rest_route=\/wp\/v2\/types\/post"}],"author":[{"embeddable":true,"href":"https:\/\/www.egemtv.com\/index.php?rest_route=\/wp\/v2\/users\/1"}],"replies":[{"embeddable":true,"href":"https:\/\/www.egemtv.com\/index.php?rest_route=%2Fwp%2Fv2%2Fcomments&post=40536"}],"version-history":[{"count":1,"href":"https:\/\/www.egemtv.com\/index.php?rest_route=\/wp\/v2\/posts\/40536\/revisions"}],"predecessor-version":[{"id":40538,"href":"https:\/\/www.egemtv.com\/index.php?rest_route=\/wp\/v2\/posts\/40536\/revisions\/40538"}],"wp:featuredmedia":[{"embeddable":true,"href":"https:\/\/www.egemtv.com\/index.php?rest_route=\/wp\/v2\/media\/40537"}],"wp:attachment":[{"href":"https:\/\/www.egemtv.com\/index.php?rest_route=%2Fwp%2Fv2%2Fmedia&parent=40536"}],"wp:term":[{"taxonomy":"category","embeddable":true,"href":"https:\/\/www.egemtv.com\/index.php?rest_route=%2Fwp%2Fv2%2Fcategories&post=40536"},{"taxonomy":"post_tag","embeddable":true,"href":"https:\/\/www.egemtv.com\/index.php?rest_route=%2Fwp%2Fv2%2Ftags&post=40536"}],"curies":[{"name":"wp","href":"https:\/\/api.w.org\/{rel}","templated":true}]}}