{"id":40533,"date":"2025-07-08T09:56:35","date_gmt":"2025-07-08T06:56:35","guid":{"rendered":"https:\/\/www.egemtv.com\/?p=40533"},"modified":"2025-07-08T09:56:40","modified_gmt":"2025-07-08T06:56:40","slug":"baskan-tatik-davet-edilmesem-de-devletin-oldugu-her-yerde-varim","status":"publish","type":"post","link":"https:\/\/www.egemtv.com\/?p=40533","title":{"rendered":"Ba\u015fkan Tat\u0131k; &#8220;Davet edilmesem de devletin oldu\u011fu her yerde var\u0131m&#8221;"},"content":{"rendered":"<p>DEN\u0130ZL\u0130 (\u0130HA) \u2013 Denizli\u2019nin Tavas Belediye Ba\u015fkan\u0131 Kadir Tat\u0131k,  K\u0131z\u0131lcab\u00f6l\u00fck Sa\u011fl\u0131k Oca\u011f\u0131 a\u00e7\u0131l\u0131\u015f\u0131na davet edilmedi\u011fini belirterek, &#8220;Davet edilmesem de devletin oldu\u011fu her yerde var\u0131m&#8221; dedi.<\/p>\n<p>Se\u00e7ilmi\u015f bir belediye ba\u015fkan\u0131 olarak K\u0131z\u0131lcab\u00f6l\u00fck Sa\u011fl\u0131k Oca\u011f\u0131 a\u00e7\u0131l\u0131\u015f\u0131na davet edilmemesini &#8220;Devletin oldu\u011fu her yerde ben var\u0131m. Davet edilmiyor olsam da&#8221; s\u00f6zleriyle ele\u015ftiren Tavas Belediye Ba\u015fkan\u0131 Kadir Tat\u0131k, yapt\u0131\u011f\u0131 a\u00e7\u0131klamada; &#8220;Tavasl\u0131 g\u00f6nl\u00fc g\u00fczel hem\u015ferilerimin oylar\u0131yla se\u00e7ilmi\u015f bir Belediye Ba\u015fkan\u0131 olarak; milletime, devletime, bayra\u011f\u0131ma olan ba\u011fl\u0131l\u0131\u011f\u0131m\u0131 her f\u0131rsatta ifade ettim, yine ediyorum. Ben Kadir Tat\u0131k olarak \u015funu a\u00e7\u0131k y\u00fcreklilikle s\u00f6yl\u00fcyorum, beni okutan, b\u00fcy\u00fcten, bu makama getiren devletimdir. Devletime hizmet etmekten asla geri durmad\u0131m, durmam. Ancak \u00fcz\u00fclerek belirtmek isterim ki; d\u00fcn K\u0131z\u0131lcab\u00f6l\u00fck Mahallemizdeki Sa\u011fl\u0131k Oca\u011f\u0131 a\u00e7\u0131l\u0131\u015f\u0131na, Tavas\u2019\u0131n se\u00e7ilmi\u015f Belediye Ba\u015fkan\u0131 olarak davet edilmedim. Devletin bir kurumu a\u00e7\u0131l\u0131yor, ancak yine devletin bir ba\u015fka kurumu olan Belediye d\u0131\u015flan\u0131yor. Bu yakla\u015f\u0131m, ne demokrasiye ne de kamu hizmetinin ruhuna yak\u0131\u015f\u0131r. Biz Tavas\u2019ta, oy versin vermesin t\u00fcm vatanda\u015flar\u0131m\u0131za, ayr\u0131\u015ft\u0131rmadan hizmet ediyoruz. Ayr\u0131\u015ft\u0131rmadan, \u00f6tekile\u015ftirmeden, herkesin ba\u015fkan\u0131 olma sorumlulu\u011fuyla \u00e7al\u0131\u015f\u0131yoruz. Siyaset elbette yap\u0131l\u0131r; ama devlet i\u015fi ciddiyet, sayg\u0131 ve e\u015fitlik ister. Devlet, milletin ortak \u00e7at\u0131s\u0131d\u0131r; kimsenin \u00f6zel m\u00fclk\u00fc de\u011fildir. Benim taraf\u0131m bellidir: Milletimin ve devletimin yan\u0131nday\u0131m. Bu yanl\u0131\u015fa da milletimizin vicdan\u0131 gereken cevab\u0131 en do\u011fru \u015fekilde verecektir. Sayg\u0131yla kamuoyunun bilgisine sunar\u0131m&#8221; ifadelerini kulland\u0131.<br \/><\/p>\n","protected":false},"excerpt":{"rendered":"<p>DEN\u0130ZL\u0130 (\u0130HA) \u2013 Denizli\u2019nin Tavas Belediye Ba\u015fkan\u0131 Kadir Tat\u0131k, K\u0131z\u0131lcab\u00f6l\u00fck Sa\u011fl\u0131k Oca\u011f\u0131 a\u00e7\u0131l\u0131\u015f\u0131na davet edilmedi\u011fini belirterek, &#8220;Davet edilmesem de devletin oldu\u011fu her yerde var\u0131m&#8221; dedi. Se\u00e7ilmi\u015f bir belediye ba\u015fkan\u0131 olarak K\u0131z\u0131lcab\u00f6l\u00fck Sa\u011fl\u0131k Oca\u011f\u0131 a\u00e7\u0131l\u0131\u015f\u0131na davet edilmemesini &#8220;Devletin oldu\u011fu her yerde ben var\u0131m. Davet edilmiyor olsam da&#8221; s\u00f6zleriyle ele\u015ftiren Tavas Belediye Ba\u015fkan\u0131 Kadir Tat\u0131k, yapt\u0131\u011f\u0131 a\u00e7\u0131klamada;&#8230;<\/p>\n","protected":false},"author":1,"featured_media":40534,"comment_status":"open","ping_status":"open","sticky":false,"template":"","format":"standard","meta":{"_crdt_document":"","footnotes":""},"categories":[127],"tags":[],"class_list":["post-40533","post","type-post","status-publish","format-standard","has-post-thumbnail","hentry","category-siyaset"],"_links":{"self":[{"href":"https:\/\/www.egemtv.com\/index.php?rest_route=\/wp\/v2\/posts\/40533","targetHints":{"allow":["GET"]}}],"collection":[{"href":"https:\/\/www.egemtv.com\/index.php?rest_route=\/wp\/v2\/posts"}],"about":[{"href":"https:\/\/www.egemtv.com\/index.php?rest_route=\/wp\/v2\/types\/post"}],"author":[{"embeddable":true,"href":"https:\/\/www.egemtv.com\/index.php?rest_route=\/wp\/v2\/users\/1"}],"replies":[{"embeddable":true,"href":"https:\/\/www.egemtv.com\/index.php?rest_route=%2Fwp%2Fv2%2Fcomments&post=40533"}],"version-history":[{"count":1,"href":"https:\/\/www.egemtv.com\/index.php?rest_route=\/wp\/v2\/posts\/40533\/revisions"}],"predecessor-version":[{"id":40535,"href":"https:\/\/www.egemtv.com\/index.php?rest_route=\/wp\/v2\/posts\/40533\/revisions\/40535"}],"wp:featuredmedia":[{"embeddable":true,"href":"https:\/\/www.egemtv.com\/index.php?rest_route=\/wp\/v2\/media\/40534"}],"wp:attachment":[{"href":"https:\/\/www.egemtv.com\/index.php?rest_route=%2Fwp%2Fv2%2Fmedia&parent=40533"}],"wp:term":[{"taxonomy":"category","embeddable":true,"href":"https:\/\/www.egemtv.com\/index.php?rest_route=%2Fwp%2Fv2%2Fcategories&post=40533"},{"taxonomy":"post_tag","embeddable":true,"href":"https:\/\/www.egemtv.com\/index.php?rest_route=%2Fwp%2Fv2%2Ftags&post=40533"}],"curies":[{"name":"wp","href":"https:\/\/api.w.org\/{rel}","templated":true}]}}