{"id":40530,"date":"2025-07-08T09:36:07","date_gmt":"2025-07-08T06:36:07","guid":{"rendered":"https:\/\/www.egemtv.com\/?p=40530"},"modified":"2025-07-08T09:36:12","modified_gmt":"2025-07-08T06:36:12","slug":"vali-canbolat-kosk-engelsiz-yasam-merkezi-calismalarini-inceledi","status":"publish","type":"post","link":"https:\/\/www.egemtv.com\/?p=40530","title":{"rendered":"Vali Canbolat, K\u00f6\u015fk Engelsiz Ya\u015fam Merkezi \u00e7al\u0131\u015fmalar\u0131n\u0131 inceledi"},"content":{"rendered":"<p>Ayd\u0131n\u2019\u0131n K\u00f6\u015fk il\u00e7esi Baklak\u00f6y Mahallesinde in\u015fa edilen 20 d\u00f6n\u00fcm arazi \u00fczerinde kurulan 12-18 Ya\u015f Engelsiz Ya\u015fam Merkezi\u2019ni ziyaret eden Ayd\u0131n Valisi Yakup Canbolat, \u00e7al\u0131\u015fmalar hakk\u0131nda yetkililerden bilgi ald\u0131.<br \/>\n<br \/>Ayd\u0131n Valisi Yakup Canbolat, K\u00f6\u015fk il\u00e7esinde yap\u0131m\u0131 devam eden Engelsiz Ya\u015fam Merkezi\u2019nin devam eden \u00e7al\u0131\u015fmalar\u0131n\u0131 yerinde inceledi. Ayd\u0131n Valisi Canbolat\u2019a Kaymakam Hasan Ta\u015f, Emniyet Jandarma Amirleri ve kaymakaml\u0131k g\u00f6revlileri e\u015flik etti.<br \/>\n<br \/>Engelsiz Ya\u015fam Merkezi, ortak ya\u015fam alanlar\u0131, grup ve bireysel e\u011fitim alanlar\u0131, i\u015f ve u\u011fra\u015f at\u00f6lyeleri ile \u00e7ok ama\u00e7l\u0131 toplant\u0131 salonu gibi \u00e7e\u015fitli b\u00f6l\u00fcmlerden olu\u015fuyor. \u00d6zel ihtiya\u00e7l\u0131 gen\u00e7lerin ya\u015fam kalitesini art\u0131rmay\u0131 ve geli\u015fimlerini desteklemeyi hedefleyen merkezin a\u00e7\u0131lmas\u0131, il\u00e7edeki gen\u00e7ler i\u00e7in umut kayna\u011f\u0131 olacak.<br \/><\/p>\n","protected":false},"excerpt":{"rendered":"<p>Ayd\u0131n\u2019\u0131n K\u00f6\u015fk il\u00e7esi Baklak\u00f6y Mahallesinde in\u015fa edilen 20 d\u00f6n\u00fcm arazi \u00fczerinde kurulan 12-18 Ya\u015f Engelsiz Ya\u015fam Merkezi\u2019ni ziyaret eden Ayd\u0131n Valisi Yakup Canbolat, \u00e7al\u0131\u015fmalar hakk\u0131nda yetkililerden bilgi ald\u0131. Ayd\u0131n Valisi Yakup Canbolat, K\u00f6\u015fk il\u00e7esinde yap\u0131m\u0131 devam eden Engelsiz Ya\u015fam Merkezi\u2019nin devam eden \u00e7al\u0131\u015fmalar\u0131n\u0131 yerinde inceledi. Ayd\u0131n Valisi Canbolat\u2019a Kaymakam Hasan Ta\u015f, Emniyet Jandarma Amirleri ve&#8230;<\/p>\n","protected":false},"author":1,"featured_media":40531,"comment_status":"open","ping_status":"open","sticky":false,"template":"","format":"standard","meta":{"_crdt_document":"","footnotes":""},"categories":[1],"tags":[],"class_list":["post-40530","post","type-post","status-publish","format-standard","has-post-thumbnail","hentry","category-guncel"],"_links":{"self":[{"href":"https:\/\/www.egemtv.com\/index.php?rest_route=\/wp\/v2\/posts\/40530","targetHints":{"allow":["GET"]}}],"collection":[{"href":"https:\/\/www.egemtv.com\/index.php?rest_route=\/wp\/v2\/posts"}],"about":[{"href":"https:\/\/www.egemtv.com\/index.php?rest_route=\/wp\/v2\/types\/post"}],"author":[{"embeddable":true,"href":"https:\/\/www.egemtv.com\/index.php?rest_route=\/wp\/v2\/users\/1"}],"replies":[{"embeddable":true,"href":"https:\/\/www.egemtv.com\/index.php?rest_route=%2Fwp%2Fv2%2Fcomments&post=40530"}],"version-history":[{"count":1,"href":"https:\/\/www.egemtv.com\/index.php?rest_route=\/wp\/v2\/posts\/40530\/revisions"}],"predecessor-version":[{"id":40532,"href":"https:\/\/www.egemtv.com\/index.php?rest_route=\/wp\/v2\/posts\/40530\/revisions\/40532"}],"wp:featuredmedia":[{"embeddable":true,"href":"https:\/\/www.egemtv.com\/index.php?rest_route=\/wp\/v2\/media\/40531"}],"wp:attachment":[{"href":"https:\/\/www.egemtv.com\/index.php?rest_route=%2Fwp%2Fv2%2Fmedia&parent=40530"}],"wp:term":[{"taxonomy":"category","embeddable":true,"href":"https:\/\/www.egemtv.com\/index.php?rest_route=%2Fwp%2Fv2%2Fcategories&post=40530"},{"taxonomy":"post_tag","embeddable":true,"href":"https:\/\/www.egemtv.com\/index.php?rest_route=%2Fwp%2Fv2%2Ftags&post=40530"}],"curies":[{"name":"wp","href":"https:\/\/api.w.org\/{rel}","templated":true}]}}