{"id":40527,"date":"2025-07-08T09:36:02","date_gmt":"2025-07-08T06:36:02","guid":{"rendered":"https:\/\/www.egemtv.com\/?p=40527"},"modified":"2025-07-08T09:36:07","modified_gmt":"2025-07-08T06:36:07","slug":"savci-karabacaktan-ozturke-veda-ziyareti","status":"publish","type":"post","link":"https:\/\/www.egemtv.com\/?p=40527","title":{"rendered":"Savc\u0131 Karabacak\u2019tan, \u00d6zt\u00fcrk\u2019e veda ziyareti"},"content":{"rendered":"<p>Afyonkarahisar\u2019da y\u00fcr\u00fctt\u00fc\u011f\u00fc \u00f6zverili hizmetlerin ard\u0131ndan Yarg\u0131tay Cumhuriyet Savc\u0131l\u0131\u011f\u0131 g\u00f6revine atanan Fatih Karabacak, \u0130l Sa\u011fl\u0131k M\u00fcd\u00fcr\u00fc Dr. Hakk\u0131 \u00d6zt\u00fcrk\u2019e veda ziyaretinde bulundu.<br \/>\n<br \/>Ziyaretten duydu\u011fu memnuniyeti dile getiren \u0130l Sa\u011fl\u0131k M\u00fcd\u00fcr\u00fc \u00d6zt\u00fcrk, nazik ziyareti i\u00e7in Karabacak\u2019a te\u015fekk\u00fcr ederek, yeni g\u00f6revinde ba\u015far\u0131lar diledi. Samimi bir ortamda ger\u00e7ekle\u015fen g\u00f6r\u00fc\u015fmede, Afyonkarahisar\u2019da birlikte y\u00fcr\u00fct\u00fclen \u00e7al\u0131\u015fmalara ili\u015fkin de\u011ferlendirmelerde bulunuldu.<br \/><\/p>\n","protected":false},"excerpt":{"rendered":"<p>Afyonkarahisar\u2019da y\u00fcr\u00fctt\u00fc\u011f\u00fc \u00f6zverili hizmetlerin ard\u0131ndan Yarg\u0131tay Cumhuriyet Savc\u0131l\u0131\u011f\u0131 g\u00f6revine atanan Fatih Karabacak, \u0130l Sa\u011fl\u0131k M\u00fcd\u00fcr\u00fc Dr. Hakk\u0131 \u00d6zt\u00fcrk\u2019e veda ziyaretinde bulundu. Ziyaretten duydu\u011fu memnuniyeti dile getiren \u0130l Sa\u011fl\u0131k M\u00fcd\u00fcr\u00fc \u00d6zt\u00fcrk, nazik ziyareti i\u00e7in Karabacak\u2019a te\u015fekk\u00fcr ederek, yeni g\u00f6revinde ba\u015far\u0131lar diledi. Samimi bir ortamda ger\u00e7ekle\u015fen g\u00f6r\u00fc\u015fmede, Afyonkarahisar\u2019da birlikte y\u00fcr\u00fct\u00fclen \u00e7al\u0131\u015fmalara ili\u015fkin de\u011ferlendirmelerde bulunuldu.<\/p>\n","protected":false},"author":1,"featured_media":40528,"comment_status":"open","ping_status":"open","sticky":false,"template":"","format":"standard","meta":{"_crdt_document":"","footnotes":""},"categories":[1],"tags":[],"class_list":["post-40527","post","type-post","status-publish","format-standard","has-post-thumbnail","hentry","category-guncel"],"_links":{"self":[{"href":"https:\/\/www.egemtv.com\/index.php?rest_route=\/wp\/v2\/posts\/40527","targetHints":{"allow":["GET"]}}],"collection":[{"href":"https:\/\/www.egemtv.com\/index.php?rest_route=\/wp\/v2\/posts"}],"about":[{"href":"https:\/\/www.egemtv.com\/index.php?rest_route=\/wp\/v2\/types\/post"}],"author":[{"embeddable":true,"href":"https:\/\/www.egemtv.com\/index.php?rest_route=\/wp\/v2\/users\/1"}],"replies":[{"embeddable":true,"href":"https:\/\/www.egemtv.com\/index.php?rest_route=%2Fwp%2Fv2%2Fcomments&post=40527"}],"version-history":[{"count":1,"href":"https:\/\/www.egemtv.com\/index.php?rest_route=\/wp\/v2\/posts\/40527\/revisions"}],"predecessor-version":[{"id":40529,"href":"https:\/\/www.egemtv.com\/index.php?rest_route=\/wp\/v2\/posts\/40527\/revisions\/40529"}],"wp:featuredmedia":[{"embeddable":true,"href":"https:\/\/www.egemtv.com\/index.php?rest_route=\/wp\/v2\/media\/40528"}],"wp:attachment":[{"href":"https:\/\/www.egemtv.com\/index.php?rest_route=%2Fwp%2Fv2%2Fmedia&parent=40527"}],"wp:term":[{"taxonomy":"category","embeddable":true,"href":"https:\/\/www.egemtv.com\/index.php?rest_route=%2Fwp%2Fv2%2Fcategories&post=40527"},{"taxonomy":"post_tag","embeddable":true,"href":"https:\/\/www.egemtv.com\/index.php?rest_route=%2Fwp%2Fv2%2Ftags&post=40527"}],"curies":[{"name":"wp","href":"https:\/\/api.w.org\/{rel}","templated":true}]}}