{"id":40524,"date":"2025-07-08T09:35:57","date_gmt":"2025-07-08T06:35:57","guid":{"rendered":"https:\/\/www.egemtv.com\/?p=40524"},"modified":"2025-07-08T09:36:02","modified_gmt":"2025-07-08T06:36:02","slug":"vali-yigitbasi-baskanliginda-degerlendirme-toplantisi-yapildi","status":"publish","type":"post","link":"https:\/\/www.egemtv.com\/?p=40524","title":{"rendered":"Vali Yi\u011fitba\u015f\u0131 ba\u015fkanl\u0131\u011f\u0131nda de\u011ferlendirme toplant\u0131s\u0131 yap\u0131ld\u0131"},"content":{"rendered":"<p>Afyonkarahisar Valisi Do\u00e7. Dr. K\u00fcbra G\u00fcran Yi\u011fitba\u015f\u0131 ba\u015fkanl\u0131\u011f\u0131nda kamu kurumlar\u0131n\u0131n \u00e7al\u0131\u015fmalar\u0131n\u0131n de\u011ferlendirildi\u011fi toplant\u0131 d\u00fczenlendi.<br \/>\n<br \/>Toplant\u0131ya, Vali Yard\u0131mc\u0131lar\u0131 Celil Ate\u015fo\u011flu, Murat B\u00fcy\u00fckk\u00f6se, \u0130hsan Ayranc\u0131 ile Vali Yard\u0131mc\u0131s\u0131 Vekilleri Ali Ar\u0131kan ve Bedir Deveci\u2019nin kat\u0131l\u0131m\u0131yla bir de\u011ferlendirme toplant\u0131s\u0131 ger\u00e7ekle\u015ftirildi. Toplant\u0131da il genelindeki kamu hizmetlerinin etkinli\u011fi, devam eden projeler ve kurumlar aras\u0131 koordinasyon ele al\u0131nd\u0131. Vali Yi\u011fitba\u015f\u0131, hizmetlerde verimlili\u011fin art\u0131r\u0131lmas\u0131na y\u00f6nelik \u00e7al\u0131\u015fmalar\u0131n titizlikle s\u00fcrd\u00fcr\u00fclece\u011fini vurgulad\u0131.<br \/><\/p>\n","protected":false},"excerpt":{"rendered":"<p>Afyonkarahisar Valisi Do\u00e7. Dr. K\u00fcbra G\u00fcran Yi\u011fitba\u015f\u0131 ba\u015fkanl\u0131\u011f\u0131nda kamu kurumlar\u0131n\u0131n \u00e7al\u0131\u015fmalar\u0131n\u0131n de\u011ferlendirildi\u011fi toplant\u0131 d\u00fczenlendi. Toplant\u0131ya, Vali Yard\u0131mc\u0131lar\u0131 Celil Ate\u015fo\u011flu, Murat B\u00fcy\u00fckk\u00f6se, \u0130hsan Ayranc\u0131 ile Vali Yard\u0131mc\u0131s\u0131 Vekilleri Ali Ar\u0131kan ve Bedir Deveci\u2019nin kat\u0131l\u0131m\u0131yla bir de\u011ferlendirme toplant\u0131s\u0131 ger\u00e7ekle\u015ftirildi. Toplant\u0131da il genelindeki kamu hizmetlerinin etkinli\u011fi, devam eden projeler ve kurumlar aras\u0131 koordinasyon ele al\u0131nd\u0131. Vali Yi\u011fitba\u015f\u0131, hizmetlerde&#8230;<\/p>\n","protected":false},"author":1,"featured_media":40525,"comment_status":"open","ping_status":"open","sticky":false,"template":"","format":"standard","meta":{"_crdt_document":"","footnotes":""},"categories":[1],"tags":[],"class_list":["post-40524","post","type-post","status-publish","format-standard","has-post-thumbnail","hentry","category-guncel"],"_links":{"self":[{"href":"https:\/\/www.egemtv.com\/index.php?rest_route=\/wp\/v2\/posts\/40524","targetHints":{"allow":["GET"]}}],"collection":[{"href":"https:\/\/www.egemtv.com\/index.php?rest_route=\/wp\/v2\/posts"}],"about":[{"href":"https:\/\/www.egemtv.com\/index.php?rest_route=\/wp\/v2\/types\/post"}],"author":[{"embeddable":true,"href":"https:\/\/www.egemtv.com\/index.php?rest_route=\/wp\/v2\/users\/1"}],"replies":[{"embeddable":true,"href":"https:\/\/www.egemtv.com\/index.php?rest_route=%2Fwp%2Fv2%2Fcomments&post=40524"}],"version-history":[{"count":1,"href":"https:\/\/www.egemtv.com\/index.php?rest_route=\/wp\/v2\/posts\/40524\/revisions"}],"predecessor-version":[{"id":40526,"href":"https:\/\/www.egemtv.com\/index.php?rest_route=\/wp\/v2\/posts\/40524\/revisions\/40526"}],"wp:featuredmedia":[{"embeddable":true,"href":"https:\/\/www.egemtv.com\/index.php?rest_route=\/wp\/v2\/media\/40525"}],"wp:attachment":[{"href":"https:\/\/www.egemtv.com\/index.php?rest_route=%2Fwp%2Fv2%2Fmedia&parent=40524"}],"wp:term":[{"taxonomy":"category","embeddable":true,"href":"https:\/\/www.egemtv.com\/index.php?rest_route=%2Fwp%2Fv2%2Fcategories&post=40524"},{"taxonomy":"post_tag","embeddable":true,"href":"https:\/\/www.egemtv.com\/index.php?rest_route=%2Fwp%2Fv2%2Ftags&post=40524"}],"curies":[{"name":"wp","href":"https:\/\/api.w.org\/{rel}","templated":true}]}}