{"id":40521,"date":"2025-07-08T09:35:53","date_gmt":"2025-07-08T06:35:53","guid":{"rendered":"https:\/\/www.egemtv.com\/?p=40521"},"modified":"2025-07-08T09:35:57","modified_gmt":"2025-07-08T06:35:57","slug":"sari-muftu-imamoglu-ile-gorustu","status":"publish","type":"post","link":"https:\/\/www.egemtv.com\/?p=40521","title":{"rendered":"Sar\u0131, M\u00fcft\u00fc \u0130mamo\u011flu ile g\u00f6r\u00fc\u015ft\u00fc"},"content":{"rendered":"<p>Diyanet \u0130\u015fleri Ba\u015fkanl\u0131\u011f\u0131 emekli Hac Daire Ba\u015fkan\u0131 S\u00fcleyman Sar\u0131, Afyonkarahisar \u0130l M\u00fcft\u00fcs\u00fc L\u00fctf\u00fc \u0130mamo\u011flu\u2019nu makam\u0131nda ziyaret ederek, bilgi al\u0131\u015f veri\u015finde bulundu.<br \/>\n<br \/>Ziyaretten duydu\u011fu memnuniyeti dile getiren \u0130l M\u00fcft\u00fcs\u00fc \u0130mamo\u011flu, nazik ziyaretinden dolay\u0131 S\u00fcleyman Sar\u0131\u2019ya te\u015fekk\u00fcr etti. G\u00f6r\u00fc\u015fmede hac hizmetlerine dair ge\u00e7mi\u015f tecr\u00fcbeler ve g\u00fcncel uygulamalar hakk\u0131nda bilgi al\u0131\u015fveri\u015finde bulunuldu. \u0130l M\u00fcft\u00fcs\u00fc \u0130mamo\u011flu, Sar\u0131\u2019n\u0131n y\u0131llar s\u00fcren hizmetlerinin gen\u00e7 din g\u00f6revlilerine \u00f6rnek oldu\u011funu ifade etti. Ziyaret, hat\u0131ra foto\u011fraf\u0131 \u00e7ekilmesiyle sona erdi.<br \/><\/p>\n","protected":false},"excerpt":{"rendered":"<p>Diyanet \u0130\u015fleri Ba\u015fkanl\u0131\u011f\u0131 emekli Hac Daire Ba\u015fkan\u0131 S\u00fcleyman Sar\u0131, Afyonkarahisar \u0130l M\u00fcft\u00fcs\u00fc L\u00fctf\u00fc \u0130mamo\u011flu\u2019nu makam\u0131nda ziyaret ederek, bilgi al\u0131\u015f veri\u015finde bulundu. Ziyaretten duydu\u011fu memnuniyeti dile getiren \u0130l M\u00fcft\u00fcs\u00fc \u0130mamo\u011flu, nazik ziyaretinden dolay\u0131 S\u00fcleyman Sar\u0131\u2019ya te\u015fekk\u00fcr etti. G\u00f6r\u00fc\u015fmede hac hizmetlerine dair ge\u00e7mi\u015f tecr\u00fcbeler ve g\u00fcncel uygulamalar hakk\u0131nda bilgi al\u0131\u015fveri\u015finde bulunuldu. \u0130l M\u00fcft\u00fcs\u00fc \u0130mamo\u011flu, Sar\u0131\u2019n\u0131n y\u0131llar s\u00fcren&#8230;<\/p>\n","protected":false},"author":1,"featured_media":40522,"comment_status":"open","ping_status":"open","sticky":false,"template":"","format":"standard","meta":{"_crdt_document":"","footnotes":""},"categories":[1],"tags":[],"class_list":["post-40521","post","type-post","status-publish","format-standard","has-post-thumbnail","hentry","category-guncel"],"_links":{"self":[{"href":"https:\/\/www.egemtv.com\/index.php?rest_route=\/wp\/v2\/posts\/40521","targetHints":{"allow":["GET"]}}],"collection":[{"href":"https:\/\/www.egemtv.com\/index.php?rest_route=\/wp\/v2\/posts"}],"about":[{"href":"https:\/\/www.egemtv.com\/index.php?rest_route=\/wp\/v2\/types\/post"}],"author":[{"embeddable":true,"href":"https:\/\/www.egemtv.com\/index.php?rest_route=\/wp\/v2\/users\/1"}],"replies":[{"embeddable":true,"href":"https:\/\/www.egemtv.com\/index.php?rest_route=%2Fwp%2Fv2%2Fcomments&post=40521"}],"version-history":[{"count":1,"href":"https:\/\/www.egemtv.com\/index.php?rest_route=\/wp\/v2\/posts\/40521\/revisions"}],"predecessor-version":[{"id":40523,"href":"https:\/\/www.egemtv.com\/index.php?rest_route=\/wp\/v2\/posts\/40521\/revisions\/40523"}],"wp:featuredmedia":[{"embeddable":true,"href":"https:\/\/www.egemtv.com\/index.php?rest_route=\/wp\/v2\/media\/40522"}],"wp:attachment":[{"href":"https:\/\/www.egemtv.com\/index.php?rest_route=%2Fwp%2Fv2%2Fmedia&parent=40521"}],"wp:term":[{"taxonomy":"category","embeddable":true,"href":"https:\/\/www.egemtv.com\/index.php?rest_route=%2Fwp%2Fv2%2Fcategories&post=40521"},{"taxonomy":"post_tag","embeddable":true,"href":"https:\/\/www.egemtv.com\/index.php?rest_route=%2Fwp%2Fv2%2Ftags&post=40521"}],"curies":[{"name":"wp","href":"https:\/\/api.w.org\/{rel}","templated":true}]}}