{"id":40518,"date":"2025-07-08T09:35:49","date_gmt":"2025-07-08T06:35:49","guid":{"rendered":"https:\/\/www.egemtv.com\/?p=40518"},"modified":"2025-07-08T09:35:53","modified_gmt":"2025-07-08T06:35:53","slug":"baskan-cercioglunun-destekleriyle-aydinli-cocuklar-sporla-gelisiyor","status":"publish","type":"post","link":"https:\/\/www.egemtv.com\/?p=40518","title":{"rendered":"Ba\u015fkan \u00c7er\u00e7io\u011flu\u2019nun destekleriyle Ayd\u0131nl\u0131 \u00e7ocuklar sporla geli\u015fiyor"},"content":{"rendered":"<p>Ayd\u0131n B\u00fcy\u00fck\u015fehir Belediye Ba\u015fkan\u0131 \u00d6zlem \u00c7er\u00e7io\u011flu\u2019nun \u00f6nc\u00fcl\u00fc\u011f\u00fcnde hayata ge\u00e7irilen yaz kurslar\u0131, \u00e7ocuklar\u0131 sporla bulu\u015fturmay\u0131 s\u00fcrd\u00fcr\u00fcyor. B\u00fcy\u00fck\u015fehir Belediyesi\u2019nin \u00fccretsiz olarak d\u00fczenledi\u011fi kurslar, \u00e7ocuklara yaz tatilinde hem e\u011flence hem de geli\u015fim f\u0131rsat\u0131 sunuyor.<br \/>\n<br \/>Yaz kurslar\u0131 kapsam\u0131nda d\u00fczenlenen futbol e\u011fitimleri, hem ailelerden hem de minik sporseverlerden b\u00fcy\u00fck ilgi g\u00f6r\u00fcyor. Alan\u0131nda uzman antren\u00f6rler e\u015fli\u011finde verilen e\u011fitimlerde \u00e7ocuklar, futbolun temel tekniklerini \u00f6\u011frenmenin yan\u0131 s\u0131ra tak\u0131m ruhunu da deneyimliyor. Pasla\u015fmadan pozisyon almaya, disiplinli oyundan sportmenli\u011fe kadar bir\u00e7ok alanda becerilerini geli\u015ftiren minikler, hem bedensel hem de sosyal geli\u015fim a\u00e7\u0131s\u0131ndan \u00f6nemli kazan\u0131mlar elde ediyor.<br \/>\n<br \/>Futbol sahas\u0131nda hem yetenek hem arkada\u015fl\u0131k kazan\u0131yorlar<br \/>\n<br \/>Kurslar sayesinde yeni arkada\u015fl\u0131klar kuran \u00e7ocuklar, yaz tatilini sporla i\u00e7 i\u00e7e, hareketli ve verimli ge\u00e7iriyor. Aileler ise \u00e7ocuklar\u0131n\u0131n sporla bulu\u015fmas\u0131ndan ve sa\u011fl\u0131kl\u0131 bir ortamda geli\u015fim g\u00f6stermelerinden dolay\u0131 memnuniyetlerini dile getiriyor.<br \/>\n<br \/>Ayd\u0131n B\u00fcy\u00fck\u015fehir Belediye Ba\u015fkan\u0131 \u00d6zlem \u00c7er\u00e7io\u011flu, sporun \u00e7ocuklar\u0131n hayat\u0131ndaki yerinin \u00e7ok k\u0131ymetli oldu\u011funa dikkat \u00e7ekerek &#8220;\u00c7ocuklar\u0131m\u0131z\u0131n hem fiziksel hem de ruhsal geli\u015fimlerine katk\u0131 sa\u011flayacak projeler \u00fcretmek \u00f6nceliklerimiz aras\u0131nda. Yaz kurslar\u0131m\u0131zla \u00e7ocuklar\u0131m\u0131z\u0131n yeteneklerini ke\u015ffetmelerine ve \u00f6zg\u00fcven kazanmalar\u0131na destek oluyoruz. Sporla b\u00fcy\u00fcyen nesiller, sa\u011fl\u0131kl\u0131 bir toplumun temelidir&#8221; dedi. Ba\u015fkan \u00c7er\u00e7io\u011flu, \u00e7ocuklar i\u00e7in \u00e7al\u0131\u015fmalar\u0131n\u0131n devam edece\u011fini ifade etti.<br \/><\/p>\n","protected":false},"excerpt":{"rendered":"<p>Ayd\u0131n B\u00fcy\u00fck\u015fehir Belediye Ba\u015fkan\u0131 \u00d6zlem \u00c7er\u00e7io\u011flu\u2019nun \u00f6nc\u00fcl\u00fc\u011f\u00fcnde hayata ge\u00e7irilen yaz kurslar\u0131, \u00e7ocuklar\u0131 sporla bulu\u015fturmay\u0131 s\u00fcrd\u00fcr\u00fcyor. B\u00fcy\u00fck\u015fehir Belediyesi\u2019nin \u00fccretsiz olarak d\u00fczenledi\u011fi kurslar, \u00e7ocuklara yaz tatilinde hem e\u011flence hem de geli\u015fim f\u0131rsat\u0131 sunuyor. Yaz kurslar\u0131 kapsam\u0131nda d\u00fczenlenen futbol e\u011fitimleri, hem ailelerden hem de minik sporseverlerden b\u00fcy\u00fck ilgi g\u00f6r\u00fcyor. Alan\u0131nda uzman antren\u00f6rler e\u015fli\u011finde verilen e\u011fitimlerde \u00e7ocuklar, futbolun temel&#8230;<\/p>\n","protected":false},"author":1,"featured_media":40519,"comment_status":"open","ping_status":"open","sticky":false,"template":"","format":"standard","meta":{"_crdt_document":"","footnotes":""},"categories":[4],"tags":[],"class_list":["post-40518","post","type-post","status-publish","format-standard","has-post-thumbnail","hentry","category-spor"],"_links":{"self":[{"href":"https:\/\/www.egemtv.com\/index.php?rest_route=\/wp\/v2\/posts\/40518","targetHints":{"allow":["GET"]}}],"collection":[{"href":"https:\/\/www.egemtv.com\/index.php?rest_route=\/wp\/v2\/posts"}],"about":[{"href":"https:\/\/www.egemtv.com\/index.php?rest_route=\/wp\/v2\/types\/post"}],"author":[{"embeddable":true,"href":"https:\/\/www.egemtv.com\/index.php?rest_route=\/wp\/v2\/users\/1"}],"replies":[{"embeddable":true,"href":"https:\/\/www.egemtv.com\/index.php?rest_route=%2Fwp%2Fv2%2Fcomments&post=40518"}],"version-history":[{"count":1,"href":"https:\/\/www.egemtv.com\/index.php?rest_route=\/wp\/v2\/posts\/40518\/revisions"}],"predecessor-version":[{"id":40520,"href":"https:\/\/www.egemtv.com\/index.php?rest_route=\/wp\/v2\/posts\/40518\/revisions\/40520"}],"wp:featuredmedia":[{"embeddable":true,"href":"https:\/\/www.egemtv.com\/index.php?rest_route=\/wp\/v2\/media\/40519"}],"wp:attachment":[{"href":"https:\/\/www.egemtv.com\/index.php?rest_route=%2Fwp%2Fv2%2Fmedia&parent=40518"}],"wp:term":[{"taxonomy":"category","embeddable":true,"href":"https:\/\/www.egemtv.com\/index.php?rest_route=%2Fwp%2Fv2%2Fcategories&post=40518"},{"taxonomy":"post_tag","embeddable":true,"href":"https:\/\/www.egemtv.com\/index.php?rest_route=%2Fwp%2Fv2%2Ftags&post=40518"}],"curies":[{"name":"wp","href":"https:\/\/api.w.org\/{rel}","templated":true}]}}