{"id":40515,"date":"2025-07-07T23:14:38","date_gmt":"2025-07-07T20:14:38","guid":{"rendered":"https:\/\/www.egemtv.com\/?p=40515"},"modified":"2025-07-07T23:14:39","modified_gmt":"2025-07-07T20:14:39","slug":"aydindaki-gazino-cinayetinde-3-tutuklama","status":"publish","type":"post","link":"https:\/\/www.egemtv.com\/?p=40515","title":{"rendered":"Ayd\u0131n\u2019daki gazino cinayetinde 3 tutuklama"},"content":{"rendered":"<p>Ayd\u0131n\u2019\u0131n K\u00f6\u015fk il\u00e7esinde gazinoda \u00d6zbekistan uyruklu bir ki\u015finin \u00f6ld\u00fcr\u00fcld\u00fc\u011f\u00fc olaya ili\u015fkin g\u00f6zalt\u0131na al\u0131nan 5 ki\u015fiden 3\u2019\u00fc tutuklanarak cezaevine g\u00f6nderildi.<br \/>\n<br \/>Olay, 5 Temmuz g\u00fcn\u00fc K\u00f6\u015fk il\u00e7esine ba\u011fl\u0131 Yavuzk\u00f6y Mahallesi giri\u015finde faaliyet g\u00f6steren bir gazinoda gece yar\u0131s\u0131 saat 03.30 s\u0131ralar\u0131nda meydana geldi. Edinilen bilgiye g\u00f6re, gazinoda \u00e7al\u0131\u015fan \u00d6zbekistan uyruklu Muattar Alieva, bilinmeyen bir nedenle silahla ba\u015f\u0131ndan vurularak \u00f6ld\u00fcr\u00fcld\u00fc. Ya\u015fanan olay\u0131n ard\u0131ndan b\u00f6lgeye sevk edilen jandarma ekiplerince \u00e7al\u0131\u015fma ba\u015flat\u0131ld\u0131. Ayd\u0131n \u0130l Jandarma Komutanl\u0131\u011f\u0131 JASAT, KOM, \u0130stihbarat ekipleri, K\u00f6\u015fk \u0130l\u00e7e Jandarma Komutanl\u0131\u011f\u0131 ile Ayd\u0131n \u0130l Emniyet M\u00fcd\u00fcrl\u00fc\u011f\u00fc Cinayet B\u00fcro Amirli\u011fi ve K\u00f6\u015fk \u0130l\u00e7e Emniyet M\u00fcd\u00fcrl\u00fc\u011f\u00fcnce y\u00fcr\u00fct\u00fclen e\u015fg\u00fcd\u00fcml\u00fc \u00e7al\u0131\u015fmalar sonucu R.Y., K.K., E.K., A.\u00c7. ve A.D. isimli \u015f\u00fcpheliler ayn\u0131 g\u00fcn yakaland\u0131. Olayda kullan\u0131ld\u0131\u011f\u0131 de\u011ferlendirilen 9 mm \u00e7ap\u0131nda tabanca da ele ge\u00e7irildi. Yakalanarak g\u00f6zalt\u0131na al\u0131nan 5 \u015f\u00fcpheli, i\u015flemlerinin ard\u0131ndan adliyeye sevk edildi. Adliyede hakim kar\u015f\u0131s\u0131na \u00e7\u0131kart\u0131lan \u015f\u00fcphelilerden R.Y., E.K. ve A.D. tutuklanarak cezaevine g\u00f6nderilirken, K.K. ve A.\u00c7. isimli \u015f\u00fcpheliler ise serbest b\u0131rak\u0131ld\u0131.<br \/><\/p>\n","protected":false},"excerpt":{"rendered":"<p>Ayd\u0131n\u2019\u0131n K\u00f6\u015fk il\u00e7esinde gazinoda \u00d6zbekistan uyruklu bir ki\u015finin \u00f6ld\u00fcr\u00fcld\u00fc\u011f\u00fc olaya ili\u015fkin g\u00f6zalt\u0131na al\u0131nan 5 ki\u015fiden 3\u2019\u00fc tutuklanarak cezaevine g\u00f6nderildi. Olay, 5 Temmuz g\u00fcn\u00fc K\u00f6\u015fk il\u00e7esine ba\u011fl\u0131 Yavuzk\u00f6y Mahallesi giri\u015finde faaliyet g\u00f6steren bir gazinoda gece yar\u0131s\u0131 saat 03.30 s\u0131ralar\u0131nda meydana geldi. Edinilen bilgiye g\u00f6re, gazinoda \u00e7al\u0131\u015fan \u00d6zbekistan uyruklu Muattar Alieva, bilinmeyen bir nedenle silahla ba\u015f\u0131ndan vurularak&#8230;<\/p>\n","protected":false},"author":1,"featured_media":40516,"comment_status":"open","ping_status":"open","sticky":false,"template":"","format":"standard","meta":{"_crdt_document":"","footnotes":""},"categories":[5],"tags":[],"class_list":["post-40515","post","type-post","status-publish","format-standard","has-post-thumbnail","hentry","category-asayis"],"_links":{"self":[{"href":"https:\/\/www.egemtv.com\/index.php?rest_route=\/wp\/v2\/posts\/40515","targetHints":{"allow":["GET"]}}],"collection":[{"href":"https:\/\/www.egemtv.com\/index.php?rest_route=\/wp\/v2\/posts"}],"about":[{"href":"https:\/\/www.egemtv.com\/index.php?rest_route=\/wp\/v2\/types\/post"}],"author":[{"embeddable":true,"href":"https:\/\/www.egemtv.com\/index.php?rest_route=\/wp\/v2\/users\/1"}],"replies":[{"embeddable":true,"href":"https:\/\/www.egemtv.com\/index.php?rest_route=%2Fwp%2Fv2%2Fcomments&post=40515"}],"version-history":[{"count":1,"href":"https:\/\/www.egemtv.com\/index.php?rest_route=\/wp\/v2\/posts\/40515\/revisions"}],"predecessor-version":[{"id":40517,"href":"https:\/\/www.egemtv.com\/index.php?rest_route=\/wp\/v2\/posts\/40515\/revisions\/40517"}],"wp:featuredmedia":[{"embeddable":true,"href":"https:\/\/www.egemtv.com\/index.php?rest_route=\/wp\/v2\/media\/40516"}],"wp:attachment":[{"href":"https:\/\/www.egemtv.com\/index.php?rest_route=%2Fwp%2Fv2%2Fmedia&parent=40515"}],"wp:term":[{"taxonomy":"category","embeddable":true,"href":"https:\/\/www.egemtv.com\/index.php?rest_route=%2Fwp%2Fv2%2Fcategories&post=40515"},{"taxonomy":"post_tag","embeddable":true,"href":"https:\/\/www.egemtv.com\/index.php?rest_route=%2Fwp%2Fv2%2Ftags&post=40515"}],"curies":[{"name":"wp","href":"https:\/\/api.w.org\/{rel}","templated":true}]}}