{"id":40512,"date":"2025-07-07T20:56:00","date_gmt":"2025-07-07T17:56:00","guid":{"rendered":"https:\/\/www.egemtv.com\/?p=40512"},"modified":"2025-07-07T20:56:05","modified_gmt":"2025-07-07T17:56:05","slug":"aydin-buyuksehir-belediyesinden-bozdogana-hizmet-araci-destegi","status":"publish","type":"post","link":"https:\/\/www.egemtv.com\/?p=40512","title":{"rendered":"Ayd\u0131n B\u00fcy\u00fck\u015fehir Belediyesi\u2019nden Bozdo\u011fan\u2019a hizmet arac\u0131 deste\u011fi"},"content":{"rendered":"<p>Ayd\u0131n B\u00fcy\u00fck\u015fehir Belediyesi taraf\u0131ndan Bozdo\u011fan Belediyesi\u2019ne tahsis edilen hizmet arac\u0131, Atat\u00fcrk Kent Meydan\u0131\u2019nda d\u00fczenlenen t\u00f6renle teslim edildi.<br \/>\n<br \/>Ara\u00e7 da\u011f\u0131t\u0131m t\u00f6renine il\u00e7e belediye ba\u015fkanlar\u0131yla birlikte kat\u0131lan Bozdo\u011fan Belediye Ba\u015fkan\u0131 Mustafa Galip \u00d6zel, desteklerinden dolay\u0131 Ayd\u0131n B\u00fcy\u00fck\u015fehir Belediye Ba\u015fkan\u0131 \u00d6zlem \u00c7er\u00e7io\u011flu\u2019na te\u015fekk\u00fcr etti.<br \/>\n<br \/>Teslim t\u00f6reninde konu\u015fan Ba\u015fkan \u00d6zel, &#8220;Ayd\u0131n B\u00fcy\u00fck\u015fehir Belediye Ba\u015fkan\u0131m\u0131z Say\u0131n \u00d6zlem \u00c7er\u00e7io\u011flu\u2019na, her zaman yan\u0131m\u0131zda oldu\u011fu ve deste\u011fini esirgemedi\u011fi i\u00e7in Bozdo\u011fan halk\u0131 ad\u0131na te\u015fekk\u00fcr ediyorum. Allah kaza bela vermesin, arac\u0131m\u0131z il\u00e7emize hay\u0131rl\u0131 olsun&#8221; dedi.<br \/><\/p>\n","protected":false},"excerpt":{"rendered":"<p>Ayd\u0131n B\u00fcy\u00fck\u015fehir Belediyesi taraf\u0131ndan Bozdo\u011fan Belediyesi\u2019ne tahsis edilen hizmet arac\u0131, Atat\u00fcrk Kent Meydan\u0131\u2019nda d\u00fczenlenen t\u00f6renle teslim edildi. Ara\u00e7 da\u011f\u0131t\u0131m t\u00f6renine il\u00e7e belediye ba\u015fkanlar\u0131yla birlikte kat\u0131lan Bozdo\u011fan Belediye Ba\u015fkan\u0131 Mustafa Galip \u00d6zel, desteklerinden dolay\u0131 Ayd\u0131n B\u00fcy\u00fck\u015fehir Belediye Ba\u015fkan\u0131 \u00d6zlem \u00c7er\u00e7io\u011flu\u2019na te\u015fekk\u00fcr etti. Teslim t\u00f6reninde konu\u015fan Ba\u015fkan \u00d6zel, &#8220;Ayd\u0131n B\u00fcy\u00fck\u015fehir Belediye Ba\u015fkan\u0131m\u0131z Say\u0131n \u00d6zlem \u00c7er\u00e7io\u011flu\u2019na, her zaman&#8230;<\/p>\n","protected":false},"author":1,"featured_media":40513,"comment_status":"open","ping_status":"open","sticky":false,"template":"","format":"standard","meta":{"_crdt_document":"","footnotes":""},"categories":[1],"tags":[],"class_list":["post-40512","post","type-post","status-publish","format-standard","has-post-thumbnail","hentry","category-guncel"],"_links":{"self":[{"href":"https:\/\/www.egemtv.com\/index.php?rest_route=\/wp\/v2\/posts\/40512","targetHints":{"allow":["GET"]}}],"collection":[{"href":"https:\/\/www.egemtv.com\/index.php?rest_route=\/wp\/v2\/posts"}],"about":[{"href":"https:\/\/www.egemtv.com\/index.php?rest_route=\/wp\/v2\/types\/post"}],"author":[{"embeddable":true,"href":"https:\/\/www.egemtv.com\/index.php?rest_route=\/wp\/v2\/users\/1"}],"replies":[{"embeddable":true,"href":"https:\/\/www.egemtv.com\/index.php?rest_route=%2Fwp%2Fv2%2Fcomments&post=40512"}],"version-history":[{"count":1,"href":"https:\/\/www.egemtv.com\/index.php?rest_route=\/wp\/v2\/posts\/40512\/revisions"}],"predecessor-version":[{"id":40514,"href":"https:\/\/www.egemtv.com\/index.php?rest_route=\/wp\/v2\/posts\/40512\/revisions\/40514"}],"wp:featuredmedia":[{"embeddable":true,"href":"https:\/\/www.egemtv.com\/index.php?rest_route=\/wp\/v2\/media\/40513"}],"wp:attachment":[{"href":"https:\/\/www.egemtv.com\/index.php?rest_route=%2Fwp%2Fv2%2Fmedia&parent=40512"}],"wp:term":[{"taxonomy":"category","embeddable":true,"href":"https:\/\/www.egemtv.com\/index.php?rest_route=%2Fwp%2Fv2%2Fcategories&post=40512"},{"taxonomy":"post_tag","embeddable":true,"href":"https:\/\/www.egemtv.com\/index.php?rest_route=%2Fwp%2Fv2%2Ftags&post=40512"}],"curies":[{"name":"wp","href":"https:\/\/api.w.org\/{rel}","templated":true}]}}