{"id":40509,"date":"2025-07-07T19:35:27","date_gmt":"2025-07-07T16:35:27","guid":{"rendered":"https:\/\/www.egemtv.com\/?p=40509"},"modified":"2025-07-07T19:35:33","modified_gmt":"2025-07-07T16:35:33","slug":"seyir-halindeki-motosikletten-dusen-65-yasindaki-kadin-agir-yaralandi","status":"publish","type":"post","link":"https:\/\/www.egemtv.com\/?p=40509","title":{"rendered":"Seyir halindeki motosikletten d\u00fc\u015fen 65 ya\u015f\u0131ndaki kad\u0131n a\u011f\u0131r yaraland\u0131"},"content":{"rendered":"<p>Manisa\u2019n\u0131n Kula il\u00e7esinde dengesini kaybetmesi sonucu seyir halindeki motosikletten d\u00fc\u015fen 65 ya\u015f\u0131ndaki kad\u0131n yolcu a\u011f\u0131r yaraland\u0131.<br \/>\n<br \/>Kaza, saat 17.00 s\u0131ralar\u0131nda 4 Eyl\u00fcl Mahallesi \u015eehit Mehmet Top\u00e7uo\u011flu Caddesi \u00fczerinde meydana geldi. Edinilen bilgilere g\u00f6re, Sel\u00e7uk Kurt idaresindeki 45 K 0511 plakal\u0131 motosikletin arkas\u0131nda yolcu olarak bulunan 65 ya\u015f\u0131ndaki Hatice Kurt, bir anda dengesini kaybederek motosikletten d\u00fc\u015ft\u00fc. Kazay\u0131 g\u00f6ren \u00e7evredeki vatanda\u015flar\u0131n ihbar\u0131 \u00fczerine olay yerine sa\u011fl\u0131k ve polis ekipleri sevk edildi. Motosiklet s\u00fcr\u00fcc\u00fcs\u00fc Sel\u00e7uk Kurt kazay\u0131 yara almadan atlat\u0131rken, annesi oldu\u011fu \u00f6\u011frenilen Hatice Kurt 112 Acil Servis ekiplerinin olay yerindeki ilk m\u00fcdahalesinin ard\u0131ndan Kula Devlet Hastanesi\u2019ne kald\u0131r\u0131ld\u0131. Buradaki ilk m\u00fcdahalenin ard\u0131ndan durumu a\u011f\u0131r olan Hatice Kurt, ileri tetkik ve tedavi i\u00e7in Salihli Devlet Hastanesi\u2019ne sevk edildi.<br \/><\/p>\n","protected":false},"excerpt":{"rendered":"<p>Manisa\u2019n\u0131n Kula il\u00e7esinde dengesini kaybetmesi sonucu seyir halindeki motosikletten d\u00fc\u015fen 65 ya\u015f\u0131ndaki kad\u0131n yolcu a\u011f\u0131r yaraland\u0131. Kaza, saat 17.00 s\u0131ralar\u0131nda 4 Eyl\u00fcl Mahallesi \u015eehit Mehmet Top\u00e7uo\u011flu Caddesi \u00fczerinde meydana geldi. Edinilen bilgilere g\u00f6re, Sel\u00e7uk Kurt idaresindeki 45 K 0511 plakal\u0131 motosikletin arkas\u0131nda yolcu olarak bulunan 65 ya\u015f\u0131ndaki Hatice Kurt, bir anda dengesini kaybederek motosikletten d\u00fc\u015ft\u00fc&#8230;.<\/p>\n","protected":false},"author":1,"featured_media":40510,"comment_status":"open","ping_status":"open","sticky":false,"template":"","format":"standard","meta":{"_crdt_document":"","footnotes":""},"categories":[5],"tags":[],"class_list":["post-40509","post","type-post","status-publish","format-standard","has-post-thumbnail","hentry","category-asayis"],"_links":{"self":[{"href":"https:\/\/www.egemtv.com\/index.php?rest_route=\/wp\/v2\/posts\/40509","targetHints":{"allow":["GET"]}}],"collection":[{"href":"https:\/\/www.egemtv.com\/index.php?rest_route=\/wp\/v2\/posts"}],"about":[{"href":"https:\/\/www.egemtv.com\/index.php?rest_route=\/wp\/v2\/types\/post"}],"author":[{"embeddable":true,"href":"https:\/\/www.egemtv.com\/index.php?rest_route=\/wp\/v2\/users\/1"}],"replies":[{"embeddable":true,"href":"https:\/\/www.egemtv.com\/index.php?rest_route=%2Fwp%2Fv2%2Fcomments&post=40509"}],"version-history":[{"count":1,"href":"https:\/\/www.egemtv.com\/index.php?rest_route=\/wp\/v2\/posts\/40509\/revisions"}],"predecessor-version":[{"id":40511,"href":"https:\/\/www.egemtv.com\/index.php?rest_route=\/wp\/v2\/posts\/40509\/revisions\/40511"}],"wp:featuredmedia":[{"embeddable":true,"href":"https:\/\/www.egemtv.com\/index.php?rest_route=\/wp\/v2\/media\/40510"}],"wp:attachment":[{"href":"https:\/\/www.egemtv.com\/index.php?rest_route=%2Fwp%2Fv2%2Fmedia&parent=40509"}],"wp:term":[{"taxonomy":"category","embeddable":true,"href":"https:\/\/www.egemtv.com\/index.php?rest_route=%2Fwp%2Fv2%2Fcategories&post=40509"},{"taxonomy":"post_tag","embeddable":true,"href":"https:\/\/www.egemtv.com\/index.php?rest_route=%2Fwp%2Fv2%2Ftags&post=40509"}],"curies":[{"name":"wp","href":"https:\/\/api.w.org\/{rel}","templated":true}]}}