{"id":40503,"date":"2025-07-07T19:19:06","date_gmt":"2025-07-07T16:19:06","guid":{"rendered":"https:\/\/www.egemtv.com\/?p=40503"},"modified":"2025-07-07T19:19:11","modified_gmt":"2025-07-07T16:19:11","slug":"ak-partili-bicer-turkiye-yuzyili-hedeflerimiz-dogrultusunda-durmadan-yorulmadan-calismalarimiza-devam-edecegiz","status":"publish","type":"post","link":"https:\/\/www.egemtv.com\/?p=40503","title":{"rendered":"AK Partili Bi\u00e7er: &#8220;T\u00fcrkiye Y\u00fczy\u0131l\u0131 hedeflerimiz do\u011frultusunda durmadan, yorulmadan \u00e7al\u0131\u015fmalar\u0131m\u0131za devam edece\u011fiz&#8221;"},"content":{"rendered":"<p>AK Parti K\u00fctahya Milletvekili Adil Bi\u00e7er, &#8220;T\u00fcrkiye Y\u00fczy\u0131l\u0131 hedeflerimiz do\u011frultusunda durmadan, yorulmadan \u00e7al\u0131\u015fmalar\u0131m\u0131za devam edece\u011fiz&#8221; dedi.<br \/>\n<br \/>AK Parti K\u00fctahya Milletvekili Adil Bi\u00e7er, \u0130l Ba\u015fkan\u0131 Ceyda \u00c7etin Erenler, milletvekilleri \u0130smail \u00c7a\u011flar Bay\u0131rc\u0131 ve Mehmet Demir, \u0130l Genel Meclisi Ba\u015fkan\u0131 Muammer \u00d6zcura, \u0130l Genel Meclis \u00fcyeleri ve il\u00e7e ba\u015fkanlar\u0131n\u0131n kat\u0131l\u0131m\u0131yla isti\u015fare ve de\u011ferlendirme toplant\u0131s\u0131 ger\u00e7ekle\u015ftirildi. Toplant\u0131ya ili\u015fkin a\u00e7\u0131klamada bulunan Milletvekili Adil Bi\u00e7er, &#8220;AK Partimizin her kademesinde g\u00f6rev alan ve davam\u0131za g\u00f6n\u00fcl vermi\u015f t\u00fcm hem\u015fehrilerimizle birlikte y\u00fcr\u00fcmeye, birlikte \u00fcretmeye, birlikte T\u00fcrkiye Y\u00fczy\u0131l\u0131 hedeflerimiz do\u011frultusunda durmadan, yorulmadan \u00e7al\u0131\u015fmalar\u0131m\u0131za devam edece\u011fiz&#8221; ifadelerini kulland\u0131.<br \/>\n<br \/>Toplant\u0131da K\u00fctahya\u2019n\u0131n \u00f6ncelikli ihtiya\u00e7lar\u0131 ve te\u015fkilat \u00e7al\u0131\u015fmalar\u0131 ele al\u0131narak, gelecek d\u00f6neme ili\u015fkin planlamalar masaya yat\u0131r\u0131ld\u0131. AK Parti te\u015fkilat\u0131, birlik ve beraberlik i\u00e7inde hareket ederek kentteki, hizmetlerin s\u00fcrd\u00fcr\u00fclebilirli\u011fi konusunda kararl\u0131l\u0131\u011f\u0131n\u0131 yineledi.<br \/><\/p>\n","protected":false},"excerpt":{"rendered":"<p>AK Parti K\u00fctahya Milletvekili Adil Bi\u00e7er, &#8220;T\u00fcrkiye Y\u00fczy\u0131l\u0131 hedeflerimiz do\u011frultusunda durmadan, yorulmadan \u00e7al\u0131\u015fmalar\u0131m\u0131za devam edece\u011fiz&#8221; dedi. AK Parti K\u00fctahya Milletvekili Adil Bi\u00e7er, \u0130l Ba\u015fkan\u0131 Ceyda \u00c7etin Erenler, milletvekilleri \u0130smail \u00c7a\u011flar Bay\u0131rc\u0131 ve Mehmet Demir, \u0130l Genel Meclisi Ba\u015fkan\u0131 Muammer \u00d6zcura, \u0130l Genel Meclis \u00fcyeleri ve il\u00e7e ba\u015fkanlar\u0131n\u0131n kat\u0131l\u0131m\u0131yla isti\u015fare ve de\u011ferlendirme toplant\u0131s\u0131 ger\u00e7ekle\u015ftirildi. Toplant\u0131ya ili\u015fkin&#8230;<\/p>\n","protected":false},"author":1,"featured_media":40504,"comment_status":"open","ping_status":"open","sticky":false,"template":"","format":"standard","meta":{"_crdt_document":"","footnotes":""},"categories":[127],"tags":[],"class_list":["post-40503","post","type-post","status-publish","format-standard","has-post-thumbnail","hentry","category-siyaset"],"_links":{"self":[{"href":"https:\/\/www.egemtv.com\/index.php?rest_route=\/wp\/v2\/posts\/40503","targetHints":{"allow":["GET"]}}],"collection":[{"href":"https:\/\/www.egemtv.com\/index.php?rest_route=\/wp\/v2\/posts"}],"about":[{"href":"https:\/\/www.egemtv.com\/index.php?rest_route=\/wp\/v2\/types\/post"}],"author":[{"embeddable":true,"href":"https:\/\/www.egemtv.com\/index.php?rest_route=\/wp\/v2\/users\/1"}],"replies":[{"embeddable":true,"href":"https:\/\/www.egemtv.com\/index.php?rest_route=%2Fwp%2Fv2%2Fcomments&post=40503"}],"version-history":[{"count":1,"href":"https:\/\/www.egemtv.com\/index.php?rest_route=\/wp\/v2\/posts\/40503\/revisions"}],"predecessor-version":[{"id":40505,"href":"https:\/\/www.egemtv.com\/index.php?rest_route=\/wp\/v2\/posts\/40503\/revisions\/40505"}],"wp:featuredmedia":[{"embeddable":true,"href":"https:\/\/www.egemtv.com\/index.php?rest_route=\/wp\/v2\/media\/40504"}],"wp:attachment":[{"href":"https:\/\/www.egemtv.com\/index.php?rest_route=%2Fwp%2Fv2%2Fmedia&parent=40503"}],"wp:term":[{"taxonomy":"category","embeddable":true,"href":"https:\/\/www.egemtv.com\/index.php?rest_route=%2Fwp%2Fv2%2Fcategories&post=40503"},{"taxonomy":"post_tag","embeddable":true,"href":"https:\/\/www.egemtv.com\/index.php?rest_route=%2Fwp%2Fv2%2Ftags&post=40503"}],"curies":[{"name":"wp","href":"https:\/\/api.w.org\/{rel}","templated":true}]}}