{"id":40500,"date":"2025-07-07T19:19:01","date_gmt":"2025-07-07T16:19:01","guid":{"rendered":"https:\/\/www.egemtv.com\/?p=40500"},"modified":"2025-07-07T19:19:06","modified_gmt":"2025-07-07T16:19:06","slug":"tavsanlida-is-kazasinda-hayatini-kaybeden-genc-icin-gozyaslari-sel-oldu","status":"publish","type":"post","link":"https:\/\/www.egemtv.com\/?p=40500","title":{"rendered":"Tav\u015fanl\u0131\u2019da i\u015f kazas\u0131nda hayat\u0131n\u0131 kaybeden gen\u00e7 i\u00e7in g\u00f6zya\u015flar\u0131 sel oldu"},"content":{"rendered":"<p>K\u00fctahya\u2019n\u0131n Tav\u015fanl\u0131 il\u00e7esinde meydana gelen i\u015f kazas\u0131nda hayat\u0131n\u0131 kaybeden 17 ya\u015f\u0131ndaki Mehmet Dall\u0131, dualarla son yolculu\u011funa u\u011furland\u0131.<br \/>\n<br \/>Tav\u015fanl\u0131 \u015eehiri\u00e7i Hat Dolmu\u015fu \u00e7al\u0131\u015fanlar\u0131ndan Ali Dall\u0131\u2019n\u0131n o\u011flu Mehmet Dall\u0131\u2019n\u0131n (17) cenazesi, \u00f6\u011fle namaz\u0131n\u0131n ard\u0131ndan Tav\u015fanl\u0131\u2019ya ba\u011fl\u0131 Ak\u00e7e\u015fehir k\u00f6y\u00fcnde topra\u011fa verildi. Cenaze t\u00f6renine yakla\u015f\u0131k 2 bin ki\u015fi kat\u0131ld\u0131. Sevenleri ve k\u00f6y halk\u0131, gen\u00e7 ya\u015fta hayat\u0131n\u0131 kaybeden Dall\u0131\u2019ya vefa g\u00f6sterisinde bulundu.<br \/>\n<br \/>T\u00f6ren boyunca duygu dolu anlar ya\u015fan\u0131rken, Mehmet Dall\u0131 i\u00e7in g\u00f6zya\u015flar\u0131 sel oldu. Ac\u0131l\u0131 aileye taziyelerini ileten vatanda\u015flar, gencin kayb\u0131n\u0131n derin \u00fcz\u00fcnt\u00fcs\u00fcn\u00fc payla\u015ft\u0131.<br \/>\n<br \/>Mehmet Dall\u0131, yakla\u015f\u0131k 15 g\u00fcn \u00f6nce Tav\u015fanl\u0131 Organize Sanayi B\u00f6lgesi\u2019nde (OSB) \u00e7al\u0131\u015ft\u0131\u011f\u0131 s\u0131rada y\u00fcksekten d\u00fc\u015ferek a\u011f\u0131r yaralanm\u0131\u015f ve yap\u0131lan t\u00fcm m\u00fcdahalelere ra\u011fmen kurtar\u0131lamam\u0131\u015ft\u0131.<br \/><\/p>\n","protected":false},"excerpt":{"rendered":"<p>K\u00fctahya\u2019n\u0131n Tav\u015fanl\u0131 il\u00e7esinde meydana gelen i\u015f kazas\u0131nda hayat\u0131n\u0131 kaybeden 17 ya\u015f\u0131ndaki Mehmet Dall\u0131, dualarla son yolculu\u011funa u\u011furland\u0131. Tav\u015fanl\u0131 \u015eehiri\u00e7i Hat Dolmu\u015fu \u00e7al\u0131\u015fanlar\u0131ndan Ali Dall\u0131\u2019n\u0131n o\u011flu Mehmet Dall\u0131\u2019n\u0131n (17) cenazesi, \u00f6\u011fle namaz\u0131n\u0131n ard\u0131ndan Tav\u015fanl\u0131\u2019ya ba\u011fl\u0131 Ak\u00e7e\u015fehir k\u00f6y\u00fcnde topra\u011fa verildi. Cenaze t\u00f6renine yakla\u015f\u0131k 2 bin ki\u015fi kat\u0131ld\u0131. Sevenleri ve k\u00f6y halk\u0131, gen\u00e7 ya\u015fta hayat\u0131n\u0131 kaybeden Dall\u0131\u2019ya vefa&#8230;<\/p>\n","protected":false},"author":1,"featured_media":40501,"comment_status":"open","ping_status":"open","sticky":false,"template":"","format":"standard","meta":{"_crdt_document":"","footnotes":""},"categories":[123],"tags":[],"class_list":["post-40500","post","type-post","status-publish","format-standard","has-post-thumbnail","hentry","category-gundem"],"_links":{"self":[{"href":"https:\/\/www.egemtv.com\/index.php?rest_route=\/wp\/v2\/posts\/40500","targetHints":{"allow":["GET"]}}],"collection":[{"href":"https:\/\/www.egemtv.com\/index.php?rest_route=\/wp\/v2\/posts"}],"about":[{"href":"https:\/\/www.egemtv.com\/index.php?rest_route=\/wp\/v2\/types\/post"}],"author":[{"embeddable":true,"href":"https:\/\/www.egemtv.com\/index.php?rest_route=\/wp\/v2\/users\/1"}],"replies":[{"embeddable":true,"href":"https:\/\/www.egemtv.com\/index.php?rest_route=%2Fwp%2Fv2%2Fcomments&post=40500"}],"version-history":[{"count":1,"href":"https:\/\/www.egemtv.com\/index.php?rest_route=\/wp\/v2\/posts\/40500\/revisions"}],"predecessor-version":[{"id":40502,"href":"https:\/\/www.egemtv.com\/index.php?rest_route=\/wp\/v2\/posts\/40500\/revisions\/40502"}],"wp:featuredmedia":[{"embeddable":true,"href":"https:\/\/www.egemtv.com\/index.php?rest_route=\/wp\/v2\/media\/40501"}],"wp:attachment":[{"href":"https:\/\/www.egemtv.com\/index.php?rest_route=%2Fwp%2Fv2%2Fmedia&parent=40500"}],"wp:term":[{"taxonomy":"category","embeddable":true,"href":"https:\/\/www.egemtv.com\/index.php?rest_route=%2Fwp%2Fv2%2Fcategories&post=40500"},{"taxonomy":"post_tag","embeddable":true,"href":"https:\/\/www.egemtv.com\/index.php?rest_route=%2Fwp%2Fv2%2Ftags&post=40500"}],"curies":[{"name":"wp","href":"https:\/\/api.w.org\/{rel}","templated":true}]}}