{"id":40497,"date":"2025-07-07T19:18:55","date_gmt":"2025-07-07T16:18:55","guid":{"rendered":"https:\/\/www.egemtv.com\/?p=40497"},"modified":"2025-07-07T19:19:00","modified_gmt":"2025-07-07T16:19:00","slug":"aydin-valiligi-acikladi-haziran-ayi-suc-istatistikleri-belli-oldu","status":"publish","type":"post","link":"https:\/\/www.egemtv.com\/?p=40497","title":{"rendered":"Ayd\u0131n Valili\u011fi a\u00e7\u0131klad\u0131, Haziran ay\u0131 \u2018su\u00e7\u2019 istatistikleri belli oldu"},"content":{"rendered":"<p>Ayd\u0131n genelinde kolluk kuvvetlerince Haziran ay\u0131nda ger\u00e7ekle\u015ftirilen operasyonlar kapsam\u0131nda su\u00e7 ve su\u00e7lulara ge\u00e7it verilmedi.<\/p>\n<p>Ayd\u0131n Valili\u011fi, il genelinde su\u00e7 ve su\u00e7lulara y\u00f6nelik yap\u0131lan \u00e7al\u0131\u015fmalar\u0131n Haziran ay\u0131 istatistiklerini a\u00e7\u0131klad\u0131. Konu ile ilgili Ayd\u0131n Valili\u011fi\u2019nden &#8220;Ayd\u0131n\u2019da su\u00e7a ge\u00e7it yok&#8221; ba\u015fl\u0131\u011f\u0131yla yap\u0131lan a\u00e7\u0131klamada &#8220;G\u00fcvenlik g\u00fc\u00e7lerimizin sahada kararl\u0131 ve etkin \u00e7al\u0131\u015fmalar\u0131 h\u0131z kesmeden s\u00fcr\u00fcyor. Ayd\u0131n\u2019\u0131m\u0131zda, topyek\u00fcn bir m\u00fccadele ile huzur, g\u00fcven ve istikrar\u0131n devaml\u0131l\u0131\u011f\u0131 i\u00e7in gece g\u00fcnd\u00fcz demeden \u00e7al\u0131\u015f\u0131yoruz, \u00e7al\u0131\u015fmaya devam edece\u011fiz. Ayd\u0131n\u2019\u0131n huzuru T\u00fcrkiye\u2019nin huzuru&#8221; ifadeleri yer ald\u0131.<\/p>\n<p>Ter\u00f6rle M\u00fccadele kapsam\u0131nda PKK\/KCK, FET\u00d6, DEA\u015e gibi ter\u00f6r \u00f6rg\u00fctlerine y\u00f6nelik Ayd\u0131n genelinde Haziran ay\u0131nda toplam 26 operasyon d\u00fczenlenirken, 32 ki\u015fi g\u00f6zalt\u0131na al\u0131nd\u0131. \u0130\u015flemlerinin ard\u0131ndan adliyeye sevk edilen \u015f\u00fcphelilerden 4\u2019\u00fc tutukland\u0131, 24 ki\u015fi ise adli kontrol \u015fart\u0131yla serbest b\u0131rak\u0131ld\u0131.<\/p>\n<p>Asayi\u015f Su\u00e7lar\u0131yla M\u00fccadele kapsam\u0131nda \u2018Kasten \u00f6ld\u00fcrme, yaralama, tehdit, cinsel sald\u0131r\u0131\u2019 gibi ki\u015filere kar\u015f\u0131 i\u015flenen su\u00e7larda 2025 Haziran ay\u0131nda bir \u00f6nceki y\u0131l\u0131n ayn\u0131 ay\u0131na g\u00f6re y\u00fczde 12 azalma meydana gelirken, bir ayda toplam bin 222 olay meydana geldi. \u00d6te yandan meydana gelen olaylarda su\u00e7lar\u0131 ayd\u0131nlatma oran\u0131 ise y\u00fczde 98 oldu.<\/p>\n<p>Ayr\u0131ca \u2018H\u0131rs\u0131zl\u0131k, doland\u0131r\u0131c\u0131l\u0131k, kapka\u00e7\u2019 gibi mal varl\u0131\u011f\u0131na y\u00f6nelik i\u015flenen su\u00e7larda da ayn\u0131 d\u00f6nemlere bak\u0131ld\u0131\u011f\u0131nda y\u00fczde 22,5 azalma meydana gelirken, Haziran ay\u0131nda toplam 299 olay ya\u015fand\u0131. Bu olaylar\u0131n y\u00fczde 77,5\u2019i yap\u0131lan \u00e7al\u0131\u015fmalar sonucunda ayd\u0131nlat\u0131ld\u0131.<br \/>\n<br \/>Aranan \u015fah\u0131slar\u0131n yakalanmas\u0131na y\u00f6nelik yap\u0131lan \u00e7al\u0131\u015fmalarda ise Haziran ay\u0131nda hapis cezas\u0131yla aranan 354 ki\u015fi, ifadeye y\u00f6nelik aranan 771 ki\u015fi yakaland\u0131. Ruhsats\u0131z silah ve silah ka\u00e7ak\u00e7\u0131l\u0131\u011f\u0131na y\u00f6nelik yap\u0131lan \u00e7al\u0131\u015fmalarda ise 31 tabanca, 20 kurus\u0131k\u0131 tabanca, 17 av t\u00fcfe\u011fi olmak \u00fczere toplam 68 silah ele ge\u00e7irildi, 78 ki\u015fi hakk\u0131nda i\u015flem yap\u0131ld\u0131.<\/p>\n<p>Organize Su\u00e7larla M\u00fccadele kapsam\u0131nda ise Haziran ay\u0131nda 10 operasyon ger\u00e7ekle\u015ftirildi. Yap\u0131lan operasyonlarda 110 ki\u015fi g\u00f6zalt\u0131na al\u0131n\u0131rken, 82 ki\u015fi tutukland\u0131, 15 ki\u015fi adli kontrol \u015fart\u0131yla serbest b\u0131rak\u0131ld\u0131. Ayr\u0131ca 3 organize su\u00e7 \u00e7etesi \u00e7\u00f6kertildi, 20 milyon TL ve 1 maddi de\u011feri olan mal varl\u0131\u011f\u0131na el konuldu.<\/p>\n<p>Uyu\u015fturucu ile m\u00fccadeleye y\u00f6nelik Haziran ay\u0131nda 26 operasyon ger\u00e7ekle\u015ftirilirken, 219 olay meydana geldi. Toplamda 258 ki\u015fi g\u00f6zalt\u0131na al\u0131n\u0131rken, 24 ki\u015fi tutukland\u0131, 7 ki\u015fi ise adli kontrol \u015fart\u0131yla serbest b\u0131rak\u0131ld\u0131. Yap\u0131lan aramalarda ise bir ayda toplam 2 bin 128 gram uyu\u015fturucu madde, 486 adet uyu\u015fturucu hap, 42 k\u00f6k kenevir ele ge\u00e7irildi.<\/p>\n<p>Siber Su\u00e7larla M\u00fccadele kapsam\u0131nda yap\u0131lan sanal devriyelerde ise 177 su\u00e7 unsuru tespit edilen hesap veya \u015fah\u0131s ile ter\u00f6rle ba\u011flant\u0131s\u0131 oldu\u011fu tespit edilen 37 \u015fah\u0131s hakk\u0131nda i\u015flem yap\u0131ld\u0131. Bili\u015fim sistemleriyle doland\u0131r\u0131c\u0131l\u0131k kapsam\u0131nda 7 operasyon ger\u00e7ekle\u015ftirildi. Operasyon kapsam\u0131nda 46 ki\u015fi g\u00f6zalt\u0131na al\u0131nd\u0131, 35 ki\u015fi tutukland\u0131. Ayr\u0131ca \u2018\u00c7evrimi\u00e7i \u00e7ocuk istismar\u0131\u2019 kapsam\u0131nda da 45 operasyon d\u00fczenlenirken, 48 ki\u015fi g\u00f6zalt\u0131na al\u0131nd\u0131.<\/p>\n<p>Trafik y\u00f6n\u00fcnden yap\u0131lan denetimlerde ise toplam 951 bin 681 ara\u00e7 kontrol edilirken 51 bin 441 araca i\u015flem yap\u0131ld\u0131. \u00c7akar takan ara\u00e7lara y\u00f6nelik ise 2 bin 9 denetim ger\u00e7ekle\u015ftirilirken \u00e7akar takt\u0131\u011f\u0131 tespit edilen 3 araca i\u015flem yap\u0131ld\u0131. Ticari taksi ve okul servislerine y\u00f6nelik ise toplam 3 bin 949 denetim yap\u0131l\u0131rken, 219 taksi ve 49 okul servisine i\u015flem yap\u0131ld\u0131. Ayr\u0131ca al\u0131nan \u00f6nlemlere ra\u011fmen Haziran ay\u0131nda meydana gelen trafik kazalar\u0131nda 12 ki\u015fi olay yerinde hayat\u0131n\u0131 kaybetti.<\/p>\n<p>D\u00fczensiz G\u00f6\u00e7 ve G\u00f6\u00e7men Ka\u00e7ak\u00e7\u0131l\u0131\u011f\u0131 ile M\u00fccadele kapsam\u0131nda Haziran ay\u0131nda 57 operasyon yap\u0131l\u0131rken, 60 ki\u015fi g\u00f6zalt\u0131na al\u0131nd\u0131. Gerekli i\u015flemlerinin ard\u0131ndan adliyeye sevk edilen 49 ki\u015fi tutukland\u0131, 11 ki\u015fi adli kontrol \u015fart\u0131yla serbest b\u0131rak\u0131ld\u0131.<br \/><\/p>\n","protected":false},"excerpt":{"rendered":"<p>Ayd\u0131n genelinde kolluk kuvvetlerince Haziran ay\u0131nda ger\u00e7ekle\u015ftirilen operasyonlar kapsam\u0131nda su\u00e7 ve su\u00e7lulara ge\u00e7it verilmedi. Ayd\u0131n Valili\u011fi, il genelinde su\u00e7 ve su\u00e7lulara y\u00f6nelik yap\u0131lan \u00e7al\u0131\u015fmalar\u0131n Haziran ay\u0131 istatistiklerini a\u00e7\u0131klad\u0131. Konu ile ilgili Ayd\u0131n Valili\u011fi\u2019nden &#8220;Ayd\u0131n\u2019da su\u00e7a ge\u00e7it yok&#8221; ba\u015fl\u0131\u011f\u0131yla yap\u0131lan a\u00e7\u0131klamada &#8220;G\u00fcvenlik g\u00fc\u00e7lerimizin sahada kararl\u0131 ve etkin \u00e7al\u0131\u015fmalar\u0131 h\u0131z kesmeden s\u00fcr\u00fcyor. Ayd\u0131n\u2019\u0131m\u0131zda, topyek\u00fcn bir m\u00fccadele ile&#8230;<\/p>\n","protected":false},"author":1,"featured_media":40498,"comment_status":"open","ping_status":"open","sticky":false,"template":"","format":"standard","meta":{"_crdt_document":"","footnotes":""},"categories":[5],"tags":[],"class_list":["post-40497","post","type-post","status-publish","format-standard","has-post-thumbnail","hentry","category-asayis"],"_links":{"self":[{"href":"https:\/\/www.egemtv.com\/index.php?rest_route=\/wp\/v2\/posts\/40497","targetHints":{"allow":["GET"]}}],"collection":[{"href":"https:\/\/www.egemtv.com\/index.php?rest_route=\/wp\/v2\/posts"}],"about":[{"href":"https:\/\/www.egemtv.com\/index.php?rest_route=\/wp\/v2\/types\/post"}],"author":[{"embeddable":true,"href":"https:\/\/www.egemtv.com\/index.php?rest_route=\/wp\/v2\/users\/1"}],"replies":[{"embeddable":true,"href":"https:\/\/www.egemtv.com\/index.php?rest_route=%2Fwp%2Fv2%2Fcomments&post=40497"}],"version-history":[{"count":1,"href":"https:\/\/www.egemtv.com\/index.php?rest_route=\/wp\/v2\/posts\/40497\/revisions"}],"predecessor-version":[{"id":40499,"href":"https:\/\/www.egemtv.com\/index.php?rest_route=\/wp\/v2\/posts\/40497\/revisions\/40499"}],"wp:featuredmedia":[{"embeddable":true,"href":"https:\/\/www.egemtv.com\/index.php?rest_route=\/wp\/v2\/media\/40498"}],"wp:attachment":[{"href":"https:\/\/www.egemtv.com\/index.php?rest_route=%2Fwp%2Fv2%2Fmedia&parent=40497"}],"wp:term":[{"taxonomy":"category","embeddable":true,"href":"https:\/\/www.egemtv.com\/index.php?rest_route=%2Fwp%2Fv2%2Fcategories&post=40497"},{"taxonomy":"post_tag","embeddable":true,"href":"https:\/\/www.egemtv.com\/index.php?rest_route=%2Fwp%2Fv2%2Ftags&post=40497"}],"curies":[{"name":"wp","href":"https:\/\/api.w.org\/{rel}","templated":true}]}}