{"id":40494,"date":"2025-07-07T18:37:04","date_gmt":"2025-07-07T15:37:04","guid":{"rendered":"https:\/\/www.egemtv.com\/?p=40494"},"modified":"2025-07-07T18:37:09","modified_gmt":"2025-07-07T15:37:09","slug":"milas-aciklarinda-20-duzensiz-gocmen-kurtarildi-2-gocmen-kacakcisi-yakalandi","status":"publish","type":"post","link":"https:\/\/www.egemtv.com\/?p=40494","title":{"rendered":"Milas a\u00e7\u0131klar\u0131nda 20 d\u00fczensiz g\u00f6\u00e7men kurtar\u0131ld\u0131, 2 g\u00f6\u00e7men ka\u00e7ak\u00e7\u0131s\u0131 yakaland\u0131"},"content":{"rendered":"<p>Mu\u011fla\u2019n\u0131n Milas il\u00e7esi a\u00e7\u0131klar\u0131nda seyreden ve i\u00e7inde d\u00fczensiz g\u00f6\u00e7menlerin bulundu\u011fu fiber tekne ar\u0131za yap\u0131nca yap\u0131lan yard\u0131m \u00e7a\u011fr\u0131s\u0131 sonras\u0131 8\u2019i \u00e7ocuk 20 d\u00fczensiz g\u00f6\u00e7men kurtar\u0131ld\u0131.<br \/>\n<br \/>Milas il\u00e7esi a\u00e7\u0131klar\u0131nda i\u00e7erisinde d\u00fczensiz g\u00f6\u00e7menlerin oldu\u011fu fiber teknenin motor ar\u0131zas\u0131 nedeniyle s\u00fcr\u00fcklendi\u011fi ve yard\u0131m talebinde bulunuldu\u011fu bilgisinin al\u0131nmas\u0131 \u00fczerine g\u00f6revlendirilen Sahil G\u00fcvenlik Botu taraf\u0131ndan fiber tekne i\u00e7erisindeki 12 d\u00fczensiz g\u00f6\u00e7men (beraberinde 8 \u00e7ocuk) kurtar\u0131lm\u0131\u015f ve 2 g\u00f6\u00e7men ka\u00e7ak\u00e7\u0131s\u0131 \u015f\u00fcphelisi yakaland\u0131.<br \/><\/p>\n","protected":false},"excerpt":{"rendered":"<p>Mu\u011fla\u2019n\u0131n Milas il\u00e7esi a\u00e7\u0131klar\u0131nda seyreden ve i\u00e7inde d\u00fczensiz g\u00f6\u00e7menlerin bulundu\u011fu fiber tekne ar\u0131za yap\u0131nca yap\u0131lan yard\u0131m \u00e7a\u011fr\u0131s\u0131 sonras\u0131 8\u2019i \u00e7ocuk 20 d\u00fczensiz g\u00f6\u00e7men kurtar\u0131ld\u0131. Milas il\u00e7esi a\u00e7\u0131klar\u0131nda i\u00e7erisinde d\u00fczensiz g\u00f6\u00e7menlerin oldu\u011fu fiber teknenin motor ar\u0131zas\u0131 nedeniyle s\u00fcr\u00fcklendi\u011fi ve yard\u0131m talebinde bulunuldu\u011fu bilgisinin al\u0131nmas\u0131 \u00fczerine g\u00f6revlendirilen Sahil G\u00fcvenlik Botu taraf\u0131ndan fiber tekne i\u00e7erisindeki 12 d\u00fczensiz g\u00f6\u00e7men&#8230;<\/p>\n","protected":false},"author":1,"featured_media":40495,"comment_status":"open","ping_status":"open","sticky":false,"template":"","format":"standard","meta":{"_crdt_document":"","footnotes":""},"categories":[5],"tags":[],"class_list":["post-40494","post","type-post","status-publish","format-standard","has-post-thumbnail","hentry","category-asayis"],"_links":{"self":[{"href":"https:\/\/www.egemtv.com\/index.php?rest_route=\/wp\/v2\/posts\/40494","targetHints":{"allow":["GET"]}}],"collection":[{"href":"https:\/\/www.egemtv.com\/index.php?rest_route=\/wp\/v2\/posts"}],"about":[{"href":"https:\/\/www.egemtv.com\/index.php?rest_route=\/wp\/v2\/types\/post"}],"author":[{"embeddable":true,"href":"https:\/\/www.egemtv.com\/index.php?rest_route=\/wp\/v2\/users\/1"}],"replies":[{"embeddable":true,"href":"https:\/\/www.egemtv.com\/index.php?rest_route=%2Fwp%2Fv2%2Fcomments&post=40494"}],"version-history":[{"count":1,"href":"https:\/\/www.egemtv.com\/index.php?rest_route=\/wp\/v2\/posts\/40494\/revisions"}],"predecessor-version":[{"id":40496,"href":"https:\/\/www.egemtv.com\/index.php?rest_route=\/wp\/v2\/posts\/40494\/revisions\/40496"}],"wp:featuredmedia":[{"embeddable":true,"href":"https:\/\/www.egemtv.com\/index.php?rest_route=\/wp\/v2\/media\/40495"}],"wp:attachment":[{"href":"https:\/\/www.egemtv.com\/index.php?rest_route=%2Fwp%2Fv2%2Fmedia&parent=40494"}],"wp:term":[{"taxonomy":"category","embeddable":true,"href":"https:\/\/www.egemtv.com\/index.php?rest_route=%2Fwp%2Fv2%2Fcategories&post=40494"},{"taxonomy":"post_tag","embeddable":true,"href":"https:\/\/www.egemtv.com\/index.php?rest_route=%2Fwp%2Fv2%2Ftags&post=40494"}],"curies":[{"name":"wp","href":"https:\/\/api.w.org\/{rel}","templated":true}]}}