{"id":40488,"date":"2025-07-07T17:37:52","date_gmt":"2025-07-07T14:37:52","guid":{"rendered":"https:\/\/www.egemtv.com\/?p=40488"},"modified":"2025-07-07T17:37:57","modified_gmt":"2025-07-07T14:37:57","slug":"doga-yuruyusu-yaparken-kaybolan-rus-turist-kurtarildi","status":"publish","type":"post","link":"https:\/\/www.egemtv.com\/?p=40488","title":{"rendered":"Do\u011fa y\u00fcr\u00fcy\u00fc\u015f\u00fc yaparken kaybolan Rus turist kurtar\u0131ld\u0131"},"content":{"rendered":"<p>Mu\u011fla\u2019n\u0131n Marmaris il\u00e7esi  \u0130\u00e7meler Mahallesi K\u0131z\u0131lkum mevkiinde do\u011fa y\u00fcr\u00fcy\u00fc\u015f\u00fc yaparken kaybolan Rus turist ekipler taraf\u0131ndan kurtar\u0131ld\u0131.<\/p>\n<p>Olay, bug\u00fcn \u00f6\u011fle saatlerinde meydana geldi. Tek ba\u015f\u0131na Karya y\u00fcr\u00fcy\u00fc\u015f yolunda do\u011fa y\u00fcr\u00fcy\u00fc\u015f\u00fcne \u00e7\u0131kan Rus turist y\u00f6n\u00fcn\u00fc kaybedince 112 Acil \u00c7a\u011fr\u0131 Merkezi\u2019nden yard\u0131m istedi. \u0130hbar\u0131n ard\u0131ndan Marmaris \u0130l\u00e7e Emniyet M\u00fcd\u00fcrl\u00fc\u011f\u00fc ve AFAD ekipleri b\u00f6lgeye sevk edildi. Ekipler, \u00f6nce drone ile turistin yerini tespit etti, ard\u0131ndan kara yoluyla ula\u015f\u0131p bulundu\u011fu noktadan alarak sa\u011fl\u0131k ekiplerine teslim etti. Hafif yaral\u0131 olarak kurtar\u0131lan turistin genel sa\u011fl\u0131k durumunun iyi oldu\u011fu, ancak tedbir ama\u00e7l\u0131 ambulansla hastaneye sevk edildi\u011fi \u00f6\u011frenildi.<br \/><\/p>\n","protected":false},"excerpt":{"rendered":"<p>Mu\u011fla\u2019n\u0131n Marmaris il\u00e7esi \u0130\u00e7meler Mahallesi K\u0131z\u0131lkum mevkiinde do\u011fa y\u00fcr\u00fcy\u00fc\u015f\u00fc yaparken kaybolan Rus turist ekipler taraf\u0131ndan kurtar\u0131ld\u0131. Olay, bug\u00fcn \u00f6\u011fle saatlerinde meydana geldi. Tek ba\u015f\u0131na Karya y\u00fcr\u00fcy\u00fc\u015f yolunda do\u011fa y\u00fcr\u00fcy\u00fc\u015f\u00fcne \u00e7\u0131kan Rus turist y\u00f6n\u00fcn\u00fc kaybedince 112 Acil \u00c7a\u011fr\u0131 Merkezi\u2019nden yard\u0131m istedi. \u0130hbar\u0131n ard\u0131ndan Marmaris \u0130l\u00e7e Emniyet M\u00fcd\u00fcrl\u00fc\u011f\u00fc ve AFAD ekipleri b\u00f6lgeye sevk edildi. Ekipler, \u00f6nce drone&#8230;<\/p>\n","protected":false},"author":1,"featured_media":40489,"comment_status":"open","ping_status":"open","sticky":false,"template":"","format":"standard","meta":{"_crdt_document":"","footnotes":""},"categories":[5],"tags":[],"class_list":["post-40488","post","type-post","status-publish","format-standard","has-post-thumbnail","hentry","category-asayis"],"_links":{"self":[{"href":"https:\/\/www.egemtv.com\/index.php?rest_route=\/wp\/v2\/posts\/40488","targetHints":{"allow":["GET"]}}],"collection":[{"href":"https:\/\/www.egemtv.com\/index.php?rest_route=\/wp\/v2\/posts"}],"about":[{"href":"https:\/\/www.egemtv.com\/index.php?rest_route=\/wp\/v2\/types\/post"}],"author":[{"embeddable":true,"href":"https:\/\/www.egemtv.com\/index.php?rest_route=\/wp\/v2\/users\/1"}],"replies":[{"embeddable":true,"href":"https:\/\/www.egemtv.com\/index.php?rest_route=%2Fwp%2Fv2%2Fcomments&post=40488"}],"version-history":[{"count":1,"href":"https:\/\/www.egemtv.com\/index.php?rest_route=\/wp\/v2\/posts\/40488\/revisions"}],"predecessor-version":[{"id":40490,"href":"https:\/\/www.egemtv.com\/index.php?rest_route=\/wp\/v2\/posts\/40488\/revisions\/40490"}],"wp:featuredmedia":[{"embeddable":true,"href":"https:\/\/www.egemtv.com\/index.php?rest_route=\/wp\/v2\/media\/40489"}],"wp:attachment":[{"href":"https:\/\/www.egemtv.com\/index.php?rest_route=%2Fwp%2Fv2%2Fmedia&parent=40488"}],"wp:term":[{"taxonomy":"category","embeddable":true,"href":"https:\/\/www.egemtv.com\/index.php?rest_route=%2Fwp%2Fv2%2Fcategories&post=40488"},{"taxonomy":"post_tag","embeddable":true,"href":"https:\/\/www.egemtv.com\/index.php?rest_route=%2Fwp%2Fv2%2Ftags&post=40488"}],"curies":[{"name":"wp","href":"https:\/\/api.w.org\/{rel}","templated":true}]}}