{"id":40485,"date":"2025-07-07T17:15:48","date_gmt":"2025-07-07T14:15:48","guid":{"rendered":"https:\/\/www.egemtv.com\/?p=40485"},"modified":"2025-07-07T17:15:53","modified_gmt":"2025-07-07T14:15:53","slug":"nafad-bolgedeki-yanginlarda-aktif-gorev-aliyor","status":"publish","type":"post","link":"https:\/\/www.egemtv.com\/?p=40485","title":{"rendered":"NAFAD b\u00f6lgedeki yang\u0131nlarda aktif g\u00f6rev al\u0131yor"},"content":{"rendered":"<p>Nazilli Belediyesi Afet ve Acil Durum Ekibi (NAFAD), b\u00f6lgedeki yang\u0131nlar\u0131n s\u00f6nd\u00fcrme ve so\u011futma \u00e7al\u0131\u015fmalar\u0131nda g\u00f6sterdi\u011fi ba\u015far\u0131larla vatanda\u015flardan be\u011feni toplad\u0131.<\/p>\n<p>Nazilli Belediyesi taraf\u0131ndan afetlerin olu\u015fturdu\u011fu insani, \u00e7evresel, ekonomik ve k\u00fclt\u00fcrel miras hasarlar\u0131n\u0131n en aza indirilmesi i\u00e7in kurulan ve bug\u00fcne kadar yapt\u0131\u011f\u0131 \u00e7al\u0131\u015fmalarla halk\u0131n takdirini kazanan NAFAD, b\u00f6lgedeki yang\u0131nlar\u0131n s\u00f6nd\u00fcrme ve so\u011futma \u00e7al\u0131\u015fmalar\u0131nda da g\u00f6rev ald\u0131. \u00c7ine &#8211; Savrandere, Sultanhisar ve Bozdo\u011fan il\u00e7eleri ile Nazilli\u2019nin Hamidiye ve \u0130sabeyli Mahallelerinde meydana gelen orman yang\u0131nlar\u0131na m\u00fcdahale \u00e7al\u0131\u015fmalar\u0131na kat\u0131lan ekip, Orman B\u00f6lge M\u00fcd\u00fcrl\u00fc\u011f\u00fc ve AFAD koordinesinde yang\u0131n s\u00f6nd\u00fcrme ve so\u011futma faaliyetlerinde aktif g\u00f6rev ald\u0131.<\/p>\n<p>B\u00f6lgedeki vatanda\u015flar\u0131n can ve mal g\u00fcvenli\u011fi i\u00e7in sahada \u00fcst\u00fcn \u00e7aba g\u00f6steren t\u00fcm NAFAD ekibine te\u015fekk\u00fcr eden Nazilli Belediye Ba\u015fkan\u0131 Dr. Ertu\u011frul Tetik, &#8220;Son d\u00f6nemde de\u011fi\u015fen iklim \u015fartlar\u0131 ve arazi yap\u0131s\u0131 nedeniyle \u00e7\u0131kan orman yang\u0131nlar\u0131 ne yaz\u0131k ki bizleri derinden yaralam\u0131\u015ft\u0131r. Bu konuda halk\u0131m\u0131z\u0131n bilin\u00e7lenmesi ve yang\u0131nlar\u0131n \u00f6n\u00fcne ge\u00e7mek ad\u0131na bug\u00fcne kadar \u015fehrimizde pek \u00e7ok e\u011fitim d\u00fczenledik ve saha \u00e7al\u0131\u015fmalar\u0131 yapt\u0131k. Bu e\u011fitimlerin ne kadar \u00f6nem ta\u015f\u0131d\u0131\u011f\u0131n\u0131 ya\u015fad\u0131\u011f\u0131m\u0131z yang\u0131nlarda bir kez daha g\u00f6rm\u00fc\u015f olduk. NAFAD ekibimiz Nazillimiz ba\u015fta olmak \u00fczere \u00e7evre il ve il\u00e7elerde \u00e7\u0131kan yang\u0131nlarda aktif g\u00f6rev alarak s\u00f6nd\u00fcrme ve so\u011futma \u00e7al\u0131\u015fmalar\u0131na destek verdi. Kendilerinin faaliyetleriyle gurur duyuyorum. Her bir NAFAD \u00fcyemize te\u015fekk\u00fcr ediyorum&#8221; dedi.<br \/><\/p>\n","protected":false},"excerpt":{"rendered":"<p>Nazilli Belediyesi Afet ve Acil Durum Ekibi (NAFAD), b\u00f6lgedeki yang\u0131nlar\u0131n s\u00f6nd\u00fcrme ve so\u011futma \u00e7al\u0131\u015fmalar\u0131nda g\u00f6sterdi\u011fi ba\u015far\u0131larla vatanda\u015flardan be\u011feni toplad\u0131. Nazilli Belediyesi taraf\u0131ndan afetlerin olu\u015fturdu\u011fu insani, \u00e7evresel, ekonomik ve k\u00fclt\u00fcrel miras hasarlar\u0131n\u0131n en aza indirilmesi i\u00e7in kurulan ve bug\u00fcne kadar yapt\u0131\u011f\u0131 \u00e7al\u0131\u015fmalarla halk\u0131n takdirini kazanan NAFAD, b\u00f6lgedeki yang\u0131nlar\u0131n s\u00f6nd\u00fcrme ve so\u011futma \u00e7al\u0131\u015fmalar\u0131nda da g\u00f6rev ald\u0131. \u00c7ine&#8230;<\/p>\n","protected":false},"author":1,"featured_media":40486,"comment_status":"open","ping_status":"open","sticky":false,"template":"","format":"standard","meta":{"_crdt_document":"","footnotes":""},"categories":[1],"tags":[],"class_list":["post-40485","post","type-post","status-publish","format-standard","has-post-thumbnail","hentry","category-guncel"],"_links":{"self":[{"href":"https:\/\/www.egemtv.com\/index.php?rest_route=\/wp\/v2\/posts\/40485","targetHints":{"allow":["GET"]}}],"collection":[{"href":"https:\/\/www.egemtv.com\/index.php?rest_route=\/wp\/v2\/posts"}],"about":[{"href":"https:\/\/www.egemtv.com\/index.php?rest_route=\/wp\/v2\/types\/post"}],"author":[{"embeddable":true,"href":"https:\/\/www.egemtv.com\/index.php?rest_route=\/wp\/v2\/users\/1"}],"replies":[{"embeddable":true,"href":"https:\/\/www.egemtv.com\/index.php?rest_route=%2Fwp%2Fv2%2Fcomments&post=40485"}],"version-history":[{"count":1,"href":"https:\/\/www.egemtv.com\/index.php?rest_route=\/wp\/v2\/posts\/40485\/revisions"}],"predecessor-version":[{"id":40487,"href":"https:\/\/www.egemtv.com\/index.php?rest_route=\/wp\/v2\/posts\/40485\/revisions\/40487"}],"wp:featuredmedia":[{"embeddable":true,"href":"https:\/\/www.egemtv.com\/index.php?rest_route=\/wp\/v2\/media\/40486"}],"wp:attachment":[{"href":"https:\/\/www.egemtv.com\/index.php?rest_route=%2Fwp%2Fv2%2Fmedia&parent=40485"}],"wp:term":[{"taxonomy":"category","embeddable":true,"href":"https:\/\/www.egemtv.com\/index.php?rest_route=%2Fwp%2Fv2%2Fcategories&post=40485"},{"taxonomy":"post_tag","embeddable":true,"href":"https:\/\/www.egemtv.com\/index.php?rest_route=%2Fwp%2Fv2%2Ftags&post=40485"}],"curies":[{"name":"wp","href":"https:\/\/api.w.org\/{rel}","templated":true}]}}