{"id":40482,"date":"2025-07-07T17:15:42","date_gmt":"2025-07-07T14:15:42","guid":{"rendered":"https:\/\/www.egemtv.com\/?p=40482"},"modified":"2025-07-07T17:15:47","modified_gmt":"2025-07-07T14:15:47","slug":"sap-hastaligi-tedbirleri-kapsaminda-boga-guresleri-ertelendi","status":"publish","type":"post","link":"https:\/\/www.egemtv.com\/?p=40482","title":{"rendered":"\u015eap hastal\u0131\u011f\u0131 tedbirleri kapsam\u0131nda bo\u011fa g\u00fcre\u015fleri ertelendi"},"content":{"rendered":"<p>Ayd\u0131n Do\u011fa Koruma ve Milli Parklar M\u00fcd\u00fcrl\u00fc\u011f\u00fc, 2025 y\u0131l\u0131 bo\u011fa g\u00fcre\u015fi takviminde yer alan organizasyonlar\u0131n ikinci bir talimata kadar ertelendi\u011fi a\u00e7\u0131klad\u0131.<\/p>\n<p>Tar\u0131m ve Orman Bakanl\u0131\u011f\u0131\u2019n\u0131n talimat\u0131 do\u011frultusunda \u00fclke genelinde hayvan pazar\u0131, canl\u0131 hayvan borsas\u0131, hayvan toplama ve sat\u0131\u015f merkezleri ile hayvan park ve panay\u0131rlar\u0131n\u0131n ikinci bir emre kadar kapat\u0131ld\u0131\u011f\u0131 belirtildi. Hayvan ve ziyaret\u00e7i hareketlili\u011finin yo\u011fun oldu\u011fu bo\u011fa g\u00fcre\u015fi etkinliklerinin de hastal\u0131\u011f\u0131n yay\u0131l\u0131m\u0131 a\u00e7\u0131s\u0131ndan y\u00fcksek risk ta\u015f\u0131d\u0131\u011f\u0131na dikkat \u00e7ekildi. \u00d6te yandan \u0130l Hayvan Haklar\u0131 Koruma Kurulu\u2019nun 61 say\u0131l\u0131 karar oluru ile izin verilen ve 2025 y\u0131l\u0131 bo\u011fa g\u00fcre\u015fi takviminde yer alan organizasyonlar\u0131n ikinci bir talimata kadar ertelendi\u011fi bildirildi.<\/p>\n<p>Yetkililer, hem hayvan sa\u011fl\u0131\u011f\u0131n\u0131 korumak hem de \u015fap hastal\u0131\u011f\u0131n\u0131n yay\u0131lmas\u0131n\u0131 \u00f6nlemek amac\u0131yla al\u0131nan bu kararlar\u0131n ge\u00e7ici oldu\u011funu ve kamuoyunun g\u00fcncel geli\u015fmeleri takip etmesi gerekti\u011fini vurgulad\u0131.<br \/><\/p>\n","protected":false},"excerpt":{"rendered":"<p>Ayd\u0131n Do\u011fa Koruma ve Milli Parklar M\u00fcd\u00fcrl\u00fc\u011f\u00fc, 2025 y\u0131l\u0131 bo\u011fa g\u00fcre\u015fi takviminde yer alan organizasyonlar\u0131n ikinci bir talimata kadar ertelendi\u011fi a\u00e7\u0131klad\u0131. Tar\u0131m ve Orman Bakanl\u0131\u011f\u0131\u2019n\u0131n talimat\u0131 do\u011frultusunda \u00fclke genelinde hayvan pazar\u0131, canl\u0131 hayvan borsas\u0131, hayvan toplama ve sat\u0131\u015f merkezleri ile hayvan park ve panay\u0131rlar\u0131n\u0131n ikinci bir emre kadar kapat\u0131ld\u0131\u011f\u0131 belirtildi. Hayvan ve ziyaret\u00e7i hareketlili\u011finin yo\u011fun&#8230;<\/p>\n","protected":false},"author":1,"featured_media":40483,"comment_status":"open","ping_status":"open","sticky":false,"template":"","format":"standard","meta":{"_crdt_document":"","footnotes":""},"categories":[1],"tags":[],"class_list":["post-40482","post","type-post","status-publish","format-standard","has-post-thumbnail","hentry","category-guncel"],"_links":{"self":[{"href":"https:\/\/www.egemtv.com\/index.php?rest_route=\/wp\/v2\/posts\/40482","targetHints":{"allow":["GET"]}}],"collection":[{"href":"https:\/\/www.egemtv.com\/index.php?rest_route=\/wp\/v2\/posts"}],"about":[{"href":"https:\/\/www.egemtv.com\/index.php?rest_route=\/wp\/v2\/types\/post"}],"author":[{"embeddable":true,"href":"https:\/\/www.egemtv.com\/index.php?rest_route=\/wp\/v2\/users\/1"}],"replies":[{"embeddable":true,"href":"https:\/\/www.egemtv.com\/index.php?rest_route=%2Fwp%2Fv2%2Fcomments&post=40482"}],"version-history":[{"count":1,"href":"https:\/\/www.egemtv.com\/index.php?rest_route=\/wp\/v2\/posts\/40482\/revisions"}],"predecessor-version":[{"id":40484,"href":"https:\/\/www.egemtv.com\/index.php?rest_route=\/wp\/v2\/posts\/40482\/revisions\/40484"}],"wp:featuredmedia":[{"embeddable":true,"href":"https:\/\/www.egemtv.com\/index.php?rest_route=\/wp\/v2\/media\/40483"}],"wp:attachment":[{"href":"https:\/\/www.egemtv.com\/index.php?rest_route=%2Fwp%2Fv2%2Fmedia&parent=40482"}],"wp:term":[{"taxonomy":"category","embeddable":true,"href":"https:\/\/www.egemtv.com\/index.php?rest_route=%2Fwp%2Fv2%2Fcategories&post=40482"},{"taxonomy":"post_tag","embeddable":true,"href":"https:\/\/www.egemtv.com\/index.php?rest_route=%2Fwp%2Fv2%2Ftags&post=40482"}],"curies":[{"name":"wp","href":"https:\/\/api.w.org\/{rel}","templated":true}]}}