{"id":40479,"date":"2025-07-07T17:15:41","date_gmt":"2025-07-07T14:15:41","guid":{"rendered":"https:\/\/www.egemtv.com\/?p=40479"},"modified":"2025-07-07T17:15:42","modified_gmt":"2025-07-07T14:15:42","slug":"nazillide-suclulara-goz-actirilmiyor","status":"publish","type":"post","link":"https:\/\/www.egemtv.com\/?p=40479","title":{"rendered":"Nazilli\u2019de su\u00e7lulara g\u00f6z a\u00e7t\u0131r\u0131lm\u0131yor"},"content":{"rendered":"<p>Ayd\u0131n\u2019\u0131n Nazilli il\u00e7esinde \u00e7e\u015fitli su\u00e7lardan aramas\u0131 bulunan iki \u015f\u00fcpheli polisin operasyonu ile yakaland\u0131.<\/p>\n<p>Kasten \u00d6ld\u00fcrmeye Te\u015febb\u00fcs, Tehdit, Ya\u011fma ve H\u00fcrriyetinden Yoksun K\u0131lma su\u00e7lar\u0131 kapsam\u0131nda \u015f\u00fcphelilere y\u00f6nelik Nazilli Asayi\u015f B\u00fcro Amirli\u011fi, \u0130l Asayi\u015f B\u00fcro ekipleri ve \u0130l \u00d6zel Harekat Ekipleri ile birlikte e\u015f zamanl\u0131 olarak ger\u00e7ekle\u015ftirilen operasyon sonucu S.O.ve \u00dc.K isimli \u015f\u00fcpheliler k\u0131sk\u0131vrak yakaland\u0131. \u015eah\u0131slar i\u015flemlerinin ard\u0131ndan tutuklanarak cezaevine g\u00f6nderildi.<br \/><\/p>\n","protected":false},"excerpt":{"rendered":"<p>Ayd\u0131n\u2019\u0131n Nazilli il\u00e7esinde \u00e7e\u015fitli su\u00e7lardan aramas\u0131 bulunan iki \u015f\u00fcpheli polisin operasyonu ile yakaland\u0131. Kasten \u00d6ld\u00fcrmeye Te\u015febb\u00fcs, Tehdit, Ya\u011fma ve H\u00fcrriyetinden Yoksun K\u0131lma su\u00e7lar\u0131 kapsam\u0131nda \u015f\u00fcphelilere y\u00f6nelik Nazilli Asayi\u015f B\u00fcro Amirli\u011fi, \u0130l Asayi\u015f B\u00fcro ekipleri ve \u0130l \u00d6zel Harekat Ekipleri ile birlikte e\u015f zamanl\u0131 olarak ger\u00e7ekle\u015ftirilen operasyon sonucu S.O.ve \u00dc.K isimli \u015f\u00fcpheliler k\u0131sk\u0131vrak yakaland\u0131. \u015eah\u0131slar i\u015flemlerinin&#8230;<\/p>\n","protected":false},"author":1,"featured_media":40480,"comment_status":"open","ping_status":"open","sticky":false,"template":"","format":"standard","meta":{"_crdt_document":"","footnotes":""},"categories":[5],"tags":[],"class_list":["post-40479","post","type-post","status-publish","format-standard","has-post-thumbnail","hentry","category-asayis"],"_links":{"self":[{"href":"https:\/\/www.egemtv.com\/index.php?rest_route=\/wp\/v2\/posts\/40479","targetHints":{"allow":["GET"]}}],"collection":[{"href":"https:\/\/www.egemtv.com\/index.php?rest_route=\/wp\/v2\/posts"}],"about":[{"href":"https:\/\/www.egemtv.com\/index.php?rest_route=\/wp\/v2\/types\/post"}],"author":[{"embeddable":true,"href":"https:\/\/www.egemtv.com\/index.php?rest_route=\/wp\/v2\/users\/1"}],"replies":[{"embeddable":true,"href":"https:\/\/www.egemtv.com\/index.php?rest_route=%2Fwp%2Fv2%2Fcomments&post=40479"}],"version-history":[{"count":1,"href":"https:\/\/www.egemtv.com\/index.php?rest_route=\/wp\/v2\/posts\/40479\/revisions"}],"predecessor-version":[{"id":40481,"href":"https:\/\/www.egemtv.com\/index.php?rest_route=\/wp\/v2\/posts\/40479\/revisions\/40481"}],"wp:featuredmedia":[{"embeddable":true,"href":"https:\/\/www.egemtv.com\/index.php?rest_route=\/wp\/v2\/media\/40480"}],"wp:attachment":[{"href":"https:\/\/www.egemtv.com\/index.php?rest_route=%2Fwp%2Fv2%2Fmedia&parent=40479"}],"wp:term":[{"taxonomy":"category","embeddable":true,"href":"https:\/\/www.egemtv.com\/index.php?rest_route=%2Fwp%2Fv2%2Fcategories&post=40479"},{"taxonomy":"post_tag","embeddable":true,"href":"https:\/\/www.egemtv.com\/index.php?rest_route=%2Fwp%2Fv2%2Ftags&post=40479"}],"curies":[{"name":"wp","href":"https:\/\/api.w.org\/{rel}","templated":true}]}}