{"id":40476,"date":"2025-07-07T16:56:50","date_gmt":"2025-07-07T13:56:50","guid":{"rendered":"https:\/\/www.egemtv.com\/?p=40476"},"modified":"2025-07-07T16:56:55","modified_gmt":"2025-07-07T13:56:55","slug":"muski-katilimci-butce-toplantilarina-basladi","status":"publish","type":"post","link":"https:\/\/www.egemtv.com\/?p=40476","title":{"rendered":"MUSK\u0130 kat\u0131l\u0131mc\u0131 b\u00fct\u00e7e toplant\u0131lar\u0131na ba\u015flad\u0131"},"content":{"rendered":"<p>Mu\u011fla B\u00fcy\u00fck\u015fehir Belediyesi Su Kanalizasyon \u0130daresi (MUSK\u0130) Genel M\u00fcd\u00fcrl\u00fc\u011f\u00fc taraf\u0131ndan T\u00fcrkan Saylan \u00c7a\u011fda\u015f Ya\u015fam Merkezinde d\u00fczenlenen \u2018Kat\u0131l\u0131mc\u0131 B\u00fct\u00e7e Toplant\u0131s\u0131\u2019n\u0131n ikincisi ger\u00e7ekle\u015ftirildi. Mu\u011fla\u2019n\u0131n 13 il\u00e7esinde ilgili kurumlar ve muhtarlar\u0131n kat\u0131l\u0131m\u0131 ile ger\u00e7ekle\u015ftirilecek toplant\u0131larda il\u00e7elerde MUSK\u0130 ile ilgili ya\u015fanan s\u0131k\u0131nt\u0131lar\u0131n \u00e7\u00f6z\u00fcm\u00fc, \u00f6neriler, yat\u0131r\u0131m talepleri yerinde al\u0131nacak.<br \/>\n<br \/>Kat\u0131l\u0131mc\u0131 b\u00fct\u00e7e toplant\u0131s\u0131n\u0131n ilki Mente\u015fe\u2019de yap\u0131l\u0131rken, toplant\u0131ya Mente\u015fe Belediye Ba\u015fkan\u0131 Gonca K\u00f6ksal Aras ve MUSK\u0130 Genel M\u00fcd\u00fcr\u00fc Y\u0131lmaz \u015eeng\u00fcl ile Mente\u015fe il\u00e7esindeki muhtarlar kat\u0131ld\u0131. 2025-2029 y\u0131llar\u0131 stratejik plan sunumunu MUSK\u0130 Genel M\u00fcd\u00fcr Yard\u0131mc\u0131s\u0131 Ahmet Demirel yapt\u0131. Demirel, &#8220;Amac\u0131m\u0131z kurumsal altyap\u0131y\u0131 geli\u015ftirmek, hizmet kalitesini artt\u0131rmak ve s\u00fcreklili\u011fi sa\u011flamak, standartlara uygun i\u00e7me ve kullanma suyu temin etmek ve y\u00f6netimini sa\u011flamak. Hizmet alan\u0131m\u0131z i\u00e7indeki at\u0131ksu ya\u011fmur sular\u0131n\u0131n y\u00f6netimini sa\u011flamak, \u00e7evreyi ve do\u011fal kaynaklar\u0131 korumak, \u00e7evre korumaya y\u00f6nelik hizmetleri artt\u0131rmak&#8221; dedi.<br \/>\n<br \/>Genel M\u00fcd\u00fcr Yard\u0131mc\u0131s\u0131 Demirel, 2025-2029 y\u0131l\u0131 stratejik plan\u0131 hakk\u0131nda bilgi verdi. 2025-2029 y\u0131llar\u0131 aras\u0131nda 36 milyar 557 milyon 210 bin TL yat\u0131r\u0131m planlan\u0131rken, genel y\u00f6netim giderleri i\u00e7in de 22 milyar 158 milyon 103 bin TL olmak \u00fczere toplam 58 milyar 715 milyon 313 bin TL\u2019lik b\u00fct\u00e7e \u00f6ng\u00f6r\u00fcl\u00fcyor.<br \/>\n<br \/>Kat\u0131l\u0131mc\u0131 b\u00fct\u00e7e toplant\u0131lar\u0131n\u0131n il\u00e7elerde de devam edece\u011fini a\u00e7\u0131klayan MUSK\u0130 Genel M\u00fcd\u00fcr Yard\u0131mc\u0131s\u0131 Demirel, Mente\u015fe il\u00e7esi i\u00e7in 2024 y\u0131l\u0131 toplam yat\u0131r\u0131m miktar\u0131n\u0131n 274 milyon 830 bin 400 TL oldu\u011funu, 2025 y\u0131l\u0131nda ise bu rakam 487 milyon 291 bin 692 TL olarak belirlendi\u011fini a\u00e7\u0131klad\u0131. Mente\u015fe\u2019ye bir \u00f6nceki y\u0131la g\u00f6re yap\u0131lan yat\u0131r\u0131m miktar\u0131n\u0131n y\u00fczde 77 artt\u0131r\u0131ld\u0131\u011f\u0131n\u0131 a\u00e7\u0131klayan Demirel, &#8220;Mente\u015fe \u0130l\u00e7esi\u2019nde 2024 y\u0131l\u0131nda K\u00f6tekli Mahallesi Kredi Yurtlar Kurumu ve Mu\u011fla E\u011fitim ve Ara\u015ft\u0131rma Hastanesi ilave i\u00e7me suyu temini kapsam\u0131nda bir adet t\u00fcp terfi imalat\u0131 yap\u0131ld\u0131. Yap\u0131lan t\u00fcp terfi imalat\u0131 sayesinde K\u00f6tekli Mahallesi\u2019ne iletilen i\u00e7me suyu 8 litre\/sn\u2019den 25 litre\/sn\u2019ye \u00e7\u0131kar\u0131ld\u0131&#8221; dedi.<br \/>\n<br \/>Mente\u015fe 2024 y\u0131l\u0131nda tamamlanan projelerden yenilenebilir enerji yat\u0131r\u0131mlar\u0131 kapsam\u0131nda MUSK\u0130 Genel M\u00fcd\u00fcrl\u00fck Hizmet Binas\u0131, Mente\u015fe TOK Su Deposu, Mente\u015fe Kademe \u00dcst\u00fc Su Deposu\u2019nun G\u00fcne\u015f Enerji Santrali ile donat\u0131ld\u0131\u011f\u0131, Mente\u015fe il\u00e7esine yine 16 bin 963 metre i\u00e7me suyu isale \u015febeke ve terfi hatt\u0131 yenileme \u00e7al\u0131\u015fmas\u0131, 299 adet abone hatt\u0131 ba\u011flant\u0131s\u0131, 396 metre uzunlu\u011funda kanalizasyon \u015febeke ve toplay\u0131c\u0131 hat imalat\u0131, 15 bin 675 metre dere temizli\u011fi, 8 bin 600 metre ya\u011fmur suyu, 16 bin 080 metre kanalizasyon hat temizli\u011fi yap\u0131ld\u0131.<br \/>\n<br \/>Mente\u015fe\u2019ye 2025 y\u0131l\u0131 yat\u0131r\u0131m program\u0131 hakk\u0131nda da bilgi veren Genel M\u00fcd\u00fcr Yard\u0131mc\u0131s\u0131 Ahmet Demirel, Merdivenli terfi merkezi 12 milyon TL harcama ile yenilenerek hem i\u00e7me kullanma miktar\u0131n\u0131n artt\u0131r\u0131ld\u0131\u011f\u0131 hem de pompa sistemi de\u011fi\u015ftirilerek enerji tasarrufu sa\u011fland\u0131\u011f\u0131 a\u00e7\u0131kland\u0131. 16 Nisan 2025 tarihinde 470 milyon TL\u2019ye ihalesi yap\u0131lan Yenik\u00f6y, Ortak\u00f6y, Emirbeyaz Mahalleleri, Kanalizasyon Suyu \u015eebekesi ile i\u00e7me suyu yap\u0131m\u0131 i\u015finin de\u011ferlendirme a\u015famas\u0131nda oldu\u011fu ve kesinle\u015fen ihale karar\u0131n\u0131n EKAP\u2019a girildi\u011fi a\u00e7\u0131kland\u0131.<br \/>\n<br \/>Mu\u011fla B\u00fcy\u00fck\u015fehir Belediyesi Su ve Kanalizasyon \u0130daresi (MUSK\u0130) taraf\u0131ndan 2025 y\u0131l\u0131 i\u00e7erisinde Mente\u015fe il\u00e7esinin i\u00e7me suyu, kanalizasyon ve ya\u011fmur suyu altyap\u0131s\u0131nda \u00f6nemli yat\u0131r\u0131mlara imza att\u0131. Yap\u0131lan \u00e7al\u0131\u015fmalar kapsam\u0131nda; 5 bin metre i\u00e7me suyu \u015febeke hatt\u0131 imalat\u0131, 4 bin 465 metre i\u00e7me suyu hatt\u0131 revizyon ve yenileme \u00e7al\u0131\u015fmas\u0131, 532 metre i\u00e7me suyu hat tamirat\u0131, 138 metre kanalizasyon hatt\u0131 imalat\u0131, 3 bin 500 metre kanalizasyon hatt\u0131 temizli\u011fi, 1015 metre ya\u011fmur suyu hatt\u0131 temizli\u011fi, 2 bin metre dere temizli\u011fi, 1030 adet bak\u0131m ve onar\u0131m faaliyeti hayata ge\u00e7irildi.<br \/>\n<br \/>Sandras suyu<br \/>\n<br \/>Mente\u015fe il\u00e7esi, \u00dcniversite ve Akkaya Sanayi Sitesinin i\u00e7me suyu ihtiyac\u0131n\u0131n kar\u015f\u0131lanmas\u0131 amac\u0131yla, Sand\u0131ras Da\u011f\u0131ndaki su kayna\u011f\u0131ndan temin edilecek suyun iletimine y\u00f6nelik yakla\u015f\u0131k 60 kilometre uzunlu\u011funda \u0130sale Hatt\u0131 Proje \u00e7al\u0131\u015fmalar\u0131na ba\u015fland\u0131\u011f\u0131 a\u00e7\u0131klan\u0131rken proje kapsam\u0131nda, kaynaktan al\u0131nacak suyun cazibeli ve terfi sistemleri ile isale edilerek mevcut i\u00e7me suyu altyap\u0131s\u0131na entegre edilmesi hedeflendi\u011fi belirtildi.<br \/><\/p>\n","protected":false},"excerpt":{"rendered":"<p>Mu\u011fla B\u00fcy\u00fck\u015fehir Belediyesi Su Kanalizasyon \u0130daresi (MUSK\u0130) Genel M\u00fcd\u00fcrl\u00fc\u011f\u00fc taraf\u0131ndan T\u00fcrkan Saylan \u00c7a\u011fda\u015f Ya\u015fam Merkezinde d\u00fczenlenen \u2018Kat\u0131l\u0131mc\u0131 B\u00fct\u00e7e Toplant\u0131s\u0131\u2019n\u0131n ikincisi ger\u00e7ekle\u015ftirildi. Mu\u011fla\u2019n\u0131n 13 il\u00e7esinde ilgili kurumlar ve muhtarlar\u0131n kat\u0131l\u0131m\u0131 ile ger\u00e7ekle\u015ftirilecek toplant\u0131larda il\u00e7elerde MUSK\u0130 ile ilgili ya\u015fanan s\u0131k\u0131nt\u0131lar\u0131n \u00e7\u00f6z\u00fcm\u00fc, \u00f6neriler, yat\u0131r\u0131m talepleri yerinde al\u0131nacak. Kat\u0131l\u0131mc\u0131 b\u00fct\u00e7e toplant\u0131s\u0131n\u0131n ilki Mente\u015fe\u2019de yap\u0131l\u0131rken, toplant\u0131ya Mente\u015fe Belediye Ba\u015fkan\u0131 Gonca&#8230;<\/p>\n","protected":false},"author":1,"featured_media":40477,"comment_status":"open","ping_status":"open","sticky":false,"template":"","format":"standard","meta":{"_crdt_document":"","footnotes":""},"categories":[125],"tags":[],"class_list":["post-40476","post","type-post","status-publish","format-standard","has-post-thumbnail","hentry","category-ekonomi"],"_links":{"self":[{"href":"https:\/\/www.egemtv.com\/index.php?rest_route=\/wp\/v2\/posts\/40476","targetHints":{"allow":["GET"]}}],"collection":[{"href":"https:\/\/www.egemtv.com\/index.php?rest_route=\/wp\/v2\/posts"}],"about":[{"href":"https:\/\/www.egemtv.com\/index.php?rest_route=\/wp\/v2\/types\/post"}],"author":[{"embeddable":true,"href":"https:\/\/www.egemtv.com\/index.php?rest_route=\/wp\/v2\/users\/1"}],"replies":[{"embeddable":true,"href":"https:\/\/www.egemtv.com\/index.php?rest_route=%2Fwp%2Fv2%2Fcomments&post=40476"}],"version-history":[{"count":1,"href":"https:\/\/www.egemtv.com\/index.php?rest_route=\/wp\/v2\/posts\/40476\/revisions"}],"predecessor-version":[{"id":40478,"href":"https:\/\/www.egemtv.com\/index.php?rest_route=\/wp\/v2\/posts\/40476\/revisions\/40478"}],"wp:featuredmedia":[{"embeddable":true,"href":"https:\/\/www.egemtv.com\/index.php?rest_route=\/wp\/v2\/media\/40477"}],"wp:attachment":[{"href":"https:\/\/www.egemtv.com\/index.php?rest_route=%2Fwp%2Fv2%2Fmedia&parent=40476"}],"wp:term":[{"taxonomy":"category","embeddable":true,"href":"https:\/\/www.egemtv.com\/index.php?rest_route=%2Fwp%2Fv2%2Fcategories&post=40476"},{"taxonomy":"post_tag","embeddable":true,"href":"https:\/\/www.egemtv.com\/index.php?rest_route=%2Fwp%2Fv2%2Ftags&post=40476"}],"curies":[{"name":"wp","href":"https:\/\/api.w.org\/{rel}","templated":true}]}}