{"id":40473,"date":"2025-07-07T16:37:10","date_gmt":"2025-07-07T13:37:10","guid":{"rendered":"https:\/\/www.egemtv.com\/?p=40473"},"modified":"2025-07-07T16:37:16","modified_gmt":"2025-07-07T13:37:16","slug":"manisada-boyu-kadar-balik-yakaladi","status":"publish","type":"post","link":"https:\/\/www.egemtv.com\/?p=40473","title":{"rendered":"Manisa\u2019da boyu kadar bal\u0131k yakalad\u0131"},"content":{"rendered":"<p>Manisa\u2019n\u0131n K\u00f6pr\u00fcba\u015f\u0131 il\u00e7esinde amat\u00f6r bal\u0131k\u00e7\u0131 \u00d6ner Hatipo\u011flu, Demirk\u00f6pr\u00fc Baraj G\u00f6l\u00fc\u2019nde 62 kilogram a\u011f\u0131rl\u0131\u011f\u0131nda, 1 metre 70 santimetre uzunlu\u011funda dev bir yay\u0131n bal\u0131\u011f\u0131 yakalad\u0131.<br \/>\n<br \/>K\u00f6pr\u00fcba\u015f\u0131 il\u00e7esinde bulunan Demirk\u00f6pr\u00fc Baraj G\u00f6l\u00fc, av sezonunun a\u00e7\u0131lmas\u0131n\u0131n ard\u0131ndan dikkat \u00e7eken bir olaya sahne oldu. \u0130l\u00e7ede m\u00fcezzinlik yapan ve ayn\u0131 zamanda amat\u00f6r bal\u0131k\u00e7\u0131l\u0131k ile ilgilenen \u00d6ner Hatipo\u011flu, oltas\u0131na tak\u0131lan dev yay\u0131n bal\u0131\u011f\u0131n\u0131 karaya \u00e7\u0131karmay\u0131 ba\u015fard\u0131. Yakla\u015f\u0131k 1.70 metre boyunda ve 62 kilogram a\u011f\u0131rl\u0131\u011f\u0131ndaki bal\u0131k, g\u00f6renleri hayrete d\u00fc\u015f\u00fcrd\u00fc. K\u00f6pr\u00fcba\u015f\u0131 Merkez Camii\u2019nde 15 y\u0131ld\u0131r m\u00fcezzin olarak g\u00f6rev yapan ve 5 y\u0131ld\u0131r da amat\u00f6r bal\u0131k\u00e7\u0131l\u0131kla ilgilendi\u011fini belirten Hatipo\u011flu, &#8220;Bo\u015f zamanlar\u0131mda baraj g\u00f6l\u00fcnde bal\u0131k avl\u0131yorum. Daha \u00f6nce de birka\u00e7 kez bu b\u00fcy\u00fckl\u00fckte bal\u0131klar yakalam\u0131\u015ft\u0131m. Bu dev bal\u0131\u011fa \u2019Baraj\u0131n Efesi\u2019 ad\u0131n\u0131 verdim. Oltaya tak\u0131ld\u0131ktan sonra uzun u\u011fra\u015flar sonucu karaya \u00e7ekebildim&#8221; dedi.<br \/><\/p>\n","protected":false},"excerpt":{"rendered":"<p>Manisa\u2019n\u0131n K\u00f6pr\u00fcba\u015f\u0131 il\u00e7esinde amat\u00f6r bal\u0131k\u00e7\u0131 \u00d6ner Hatipo\u011flu, Demirk\u00f6pr\u00fc Baraj G\u00f6l\u00fc\u2019nde 62 kilogram a\u011f\u0131rl\u0131\u011f\u0131nda, 1 metre 70 santimetre uzunlu\u011funda dev bir yay\u0131n bal\u0131\u011f\u0131 yakalad\u0131. K\u00f6pr\u00fcba\u015f\u0131 il\u00e7esinde bulunan Demirk\u00f6pr\u00fc Baraj G\u00f6l\u00fc, av sezonunun a\u00e7\u0131lmas\u0131n\u0131n ard\u0131ndan dikkat \u00e7eken bir olaya sahne oldu. \u0130l\u00e7ede m\u00fcezzinlik yapan ve ayn\u0131 zamanda amat\u00f6r bal\u0131k\u00e7\u0131l\u0131k ile ilgilenen \u00d6ner Hatipo\u011flu, oltas\u0131na tak\u0131lan dev yay\u0131n&#8230;<\/p>\n","protected":false},"author":1,"featured_media":40474,"comment_status":"open","ping_status":"open","sticky":false,"template":"","format":"standard","meta":{"_crdt_document":"","footnotes":""},"categories":[1],"tags":[],"class_list":["post-40473","post","type-post","status-publish","format-standard","has-post-thumbnail","hentry","category-guncel"],"_links":{"self":[{"href":"https:\/\/www.egemtv.com\/index.php?rest_route=\/wp\/v2\/posts\/40473","targetHints":{"allow":["GET"]}}],"collection":[{"href":"https:\/\/www.egemtv.com\/index.php?rest_route=\/wp\/v2\/posts"}],"about":[{"href":"https:\/\/www.egemtv.com\/index.php?rest_route=\/wp\/v2\/types\/post"}],"author":[{"embeddable":true,"href":"https:\/\/www.egemtv.com\/index.php?rest_route=\/wp\/v2\/users\/1"}],"replies":[{"embeddable":true,"href":"https:\/\/www.egemtv.com\/index.php?rest_route=%2Fwp%2Fv2%2Fcomments&post=40473"}],"version-history":[{"count":1,"href":"https:\/\/www.egemtv.com\/index.php?rest_route=\/wp\/v2\/posts\/40473\/revisions"}],"predecessor-version":[{"id":40475,"href":"https:\/\/www.egemtv.com\/index.php?rest_route=\/wp\/v2\/posts\/40473\/revisions\/40475"}],"wp:featuredmedia":[{"embeddable":true,"href":"https:\/\/www.egemtv.com\/index.php?rest_route=\/wp\/v2\/media\/40474"}],"wp:attachment":[{"href":"https:\/\/www.egemtv.com\/index.php?rest_route=%2Fwp%2Fv2%2Fmedia&parent=40473"}],"wp:term":[{"taxonomy":"category","embeddable":true,"href":"https:\/\/www.egemtv.com\/index.php?rest_route=%2Fwp%2Fv2%2Fcategories&post=40473"},{"taxonomy":"post_tag","embeddable":true,"href":"https:\/\/www.egemtv.com\/index.php?rest_route=%2Fwp%2Fv2%2Ftags&post=40473"}],"curies":[{"name":"wp","href":"https:\/\/api.w.org\/{rel}","templated":true}]}}