{"id":40470,"date":"2025-07-07T16:37:02","date_gmt":"2025-07-07T13:37:02","guid":{"rendered":"https:\/\/www.egemtv.com\/?p=40470"},"modified":"2025-07-07T16:37:10","modified_gmt":"2025-07-07T13:37:10","slug":"buyuksehirin-sokede-yol-calismasi-devam-ediyor","status":"publish","type":"post","link":"https:\/\/www.egemtv.com\/?p=40470","title":{"rendered":"B\u00fcy\u00fck\u015fehir\u2019in S\u00f6ke\u2019de yol \u00e7al\u0131\u015fmas\u0131 devam ediyor"},"content":{"rendered":"<p>Ayd\u0131n B\u00fcy\u00fck\u015fehir Belediyesi, vatanda\u015flar i\u00e7in daha g\u00fcvenli yollar ve konforlu ya\u015fam alanlar\u0131 olu\u015fturmaya y\u00f6nelik \u00e7al\u0131\u015fmalar\u0131n\u0131 aral\u0131ks\u0131z s\u00fcrd\u00fcr\u00fcyor. Bu kapsamda S\u00f6ke\u2019de kapsaml\u0131 bir yol yenileme \u00e7al\u0131\u015fmas\u0131 ba\u015flat\u0131ld\u0131.<\/p>\n<p>S\u00f6ke\u2019nin \u00f6nemli ula\u015f\u0131m arterlerinden olan Y\u00fcksel Yalova ve B\u00fclent Ecevit Caddeleri\u2019nde s\u0131cak asfalt \u00e7al\u0131\u015fmalar\u0131 b\u00fcy\u00fck \u00f6l\u00e7\u00fcde tamamland\u0131. Demirk\u00f6pr\u00fc\u2019ye kadar uzanan g\u00fczerg\u00e2hta altyap\u0131 ve \u00fcstyap\u0131 yenilemeleri titizlikle y\u00fcr\u00fct\u00fcl\u00fcrken, belediye binas\u0131 arkas\u0131nda eski yol kaplamas\u0131 s\u00f6k\u00fcm\u00fc yap\u0131l\u0131yor.<\/p>\n<p>Yap\u0131lan \u00e7al\u0131\u015fmalar\u0131 yerinde inceleyen ve B\u00fcy\u00fck\u015fehir ekiplerine \u2018kolay gelsin\u2019 dileklerini ileten S\u00f6ke Belediye Ba\u015fkan\u0131 Dr. Mustafa \u0130berya Ar\u0131kan, Ayd\u0131n B\u00fcy\u00fck\u015fehir Belediye Ba\u015fkan\u0131 \u00d6zlem \u00c7er\u00e7io\u011flu\u2019na te\u015fekk\u00fcr etti.<\/p>\n<p>Ba\u015fkan Ar\u0131kan, &#8220;S\u00f6kemizde yol yenileme hamlesi ba\u015flatan, il\u00e7emizin \u00e7ehresini de\u011fi\u015ftiren \u00d6zlem \u00c7er\u00e7io\u011flu\u2019na y\u00fcrekten te\u015fekk\u00fcr ediyorum. S\u00f6ke halk\u0131 ad\u0131na minnettar\u0131z. Bu destek, bizim i\u00e7in yaln\u0131zca bir asfalt \u00e7al\u0131\u015fmas\u0131 de\u011fil; ayn\u0131 zamanda dayan\u0131\u015fman\u0131n, ortak akl\u0131n ve birlikte y\u00f6netimin en g\u00fczel \u00f6rne\u011fidir&#8221; ifadelerini kulland\u0131.<br \/><\/p>\n","protected":false},"excerpt":{"rendered":"<p>Ayd\u0131n B\u00fcy\u00fck\u015fehir Belediyesi, vatanda\u015flar i\u00e7in daha g\u00fcvenli yollar ve konforlu ya\u015fam alanlar\u0131 olu\u015fturmaya y\u00f6nelik \u00e7al\u0131\u015fmalar\u0131n\u0131 aral\u0131ks\u0131z s\u00fcrd\u00fcr\u00fcyor. Bu kapsamda S\u00f6ke\u2019de kapsaml\u0131 bir yol yenileme \u00e7al\u0131\u015fmas\u0131 ba\u015flat\u0131ld\u0131. S\u00f6ke\u2019nin \u00f6nemli ula\u015f\u0131m arterlerinden olan Y\u00fcksel Yalova ve B\u00fclent Ecevit Caddeleri\u2019nde s\u0131cak asfalt \u00e7al\u0131\u015fmalar\u0131 b\u00fcy\u00fck \u00f6l\u00e7\u00fcde tamamland\u0131. Demirk\u00f6pr\u00fc\u2019ye kadar uzanan g\u00fczerg\u00e2hta altyap\u0131 ve \u00fcstyap\u0131 yenilemeleri titizlikle y\u00fcr\u00fct\u00fcl\u00fcrken, belediye binas\u0131&#8230;<\/p>\n","protected":false},"author":1,"featured_media":40471,"comment_status":"open","ping_status":"open","sticky":false,"template":"","format":"standard","meta":{"_crdt_document":"","footnotes":""},"categories":[127],"tags":[],"class_list":["post-40470","post","type-post","status-publish","format-standard","has-post-thumbnail","hentry","category-siyaset"],"_links":{"self":[{"href":"https:\/\/www.egemtv.com\/index.php?rest_route=\/wp\/v2\/posts\/40470","targetHints":{"allow":["GET"]}}],"collection":[{"href":"https:\/\/www.egemtv.com\/index.php?rest_route=\/wp\/v2\/posts"}],"about":[{"href":"https:\/\/www.egemtv.com\/index.php?rest_route=\/wp\/v2\/types\/post"}],"author":[{"embeddable":true,"href":"https:\/\/www.egemtv.com\/index.php?rest_route=\/wp\/v2\/users\/1"}],"replies":[{"embeddable":true,"href":"https:\/\/www.egemtv.com\/index.php?rest_route=%2Fwp%2Fv2%2Fcomments&post=40470"}],"version-history":[{"count":1,"href":"https:\/\/www.egemtv.com\/index.php?rest_route=\/wp\/v2\/posts\/40470\/revisions"}],"predecessor-version":[{"id":40472,"href":"https:\/\/www.egemtv.com\/index.php?rest_route=\/wp\/v2\/posts\/40470\/revisions\/40472"}],"wp:featuredmedia":[{"embeddable":true,"href":"https:\/\/www.egemtv.com\/index.php?rest_route=\/wp\/v2\/media\/40471"}],"wp:attachment":[{"href":"https:\/\/www.egemtv.com\/index.php?rest_route=%2Fwp%2Fv2%2Fmedia&parent=40470"}],"wp:term":[{"taxonomy":"category","embeddable":true,"href":"https:\/\/www.egemtv.com\/index.php?rest_route=%2Fwp%2Fv2%2Fcategories&post=40470"},{"taxonomy":"post_tag","embeddable":true,"href":"https:\/\/www.egemtv.com\/index.php?rest_route=%2Fwp%2Fv2%2Ftags&post=40470"}],"curies":[{"name":"wp","href":"https:\/\/api.w.org\/{rel}","templated":true}]}}