{"id":40467,"date":"2025-07-07T16:36:55","date_gmt":"2025-07-07T13:36:55","guid":{"rendered":"https:\/\/www.egemtv.com\/?p=40467"},"modified":"2025-07-07T16:37:02","modified_gmt":"2025-07-07T13:37:02","slug":"tavsanlida-orman-yangini-erken-mudahaleyle-sonduruldu","status":"publish","type":"post","link":"https:\/\/www.egemtv.com\/?p=40467","title":{"rendered":"Tav\u015fanl\u0131\u2019da orman yang\u0131n\u0131 erken m\u00fcdahaleyle s\u00f6nd\u00fcr\u00fcld\u00fc"},"content":{"rendered":"<p>K\u00fctahya\u2019n\u0131n Tav\u015fanl\u0131 il\u00e7esine ba\u011fl\u0131 Tun\u00e7bilek beldesi G\u00fcra\u011fa\u00e7 mahallesi yak\u0131nlar\u0131nda \u00e7\u0131kan orman yang\u0131n\u0131, ekiplerin h\u0131zl\u0131 m\u00fcdahalesi sayesinde k\u0131sa s\u00fcrede kontrol alt\u0131na al\u0131nd\u0131.<br \/>\n<br \/>Kayasu maden sahas\u0131 yak\u0131nlar\u0131nda y\u00fckselen dumanlar\u0131 fark eden vatanda\u015flar\u0131n ihbar\u0131 \u00fczerine Tav\u015fanl\u0131 Orman \u0130\u015fletme M\u00fcd\u00fcrl\u00fc\u011f\u00fc ve Tav\u015fanl\u0131 Belediyesi itfaiye ekipleri harekete ge\u00e7ti. B\u00f6lgeye h\u0131zla intikal eden ekipler, yang\u0131n\u0131n ormanl\u0131k alana yay\u0131lmas\u0131n\u0131 engellemek amac\u0131yla yo\u011fun bir m\u00fcdahale ba\u015flatt\u0131. Yang\u0131n\u0131n b\u00fcy\u00fcme riski ta\u015f\u0131mas\u0131 \u00fczerine hava deste\u011fi talep edildi. K\u0131sa s\u00fcrede olay yerine ula\u015fan yang\u0131n s\u00f6nd\u00fcrme helikopteri, m\u00fcdahale \u00e7al\u0131\u015fmalar\u0131na kat\u0131larak alevlerin kontrol alt\u0131na al\u0131nmas\u0131nda etkili oldu.<br \/>\n<br \/>\u0130lk belirlemelere g\u00f6re yakla\u015f\u0131k 2 d\u00f6n\u00fcm ormanl\u0131k alan\u0131n zarar g\u00f6rd\u00fc\u011f\u00fc yang\u0131n\u0131n \u00e7\u0131k\u0131\u015f nedeni hen\u00fcz belirlenemedi. Yang\u0131n\u0131n kesin sebebinin ortaya \u00e7\u0131kar\u0131lmas\u0131 i\u00e7in Orman \u0130\u015fletme M\u00fcd\u00fcrl\u00fc\u011f\u00fc ve belediye ekipleri taraf\u0131ndan detayl\u0131 inceleme ba\u015flat\u0131ld\u0131.<br \/><\/p>\n","protected":false},"excerpt":{"rendered":"<p>K\u00fctahya\u2019n\u0131n Tav\u015fanl\u0131 il\u00e7esine ba\u011fl\u0131 Tun\u00e7bilek beldesi G\u00fcra\u011fa\u00e7 mahallesi yak\u0131nlar\u0131nda \u00e7\u0131kan orman yang\u0131n\u0131, ekiplerin h\u0131zl\u0131 m\u00fcdahalesi sayesinde k\u0131sa s\u00fcrede kontrol alt\u0131na al\u0131nd\u0131. Kayasu maden sahas\u0131 yak\u0131nlar\u0131nda y\u00fckselen dumanlar\u0131 fark eden vatanda\u015flar\u0131n ihbar\u0131 \u00fczerine Tav\u015fanl\u0131 Orman \u0130\u015fletme M\u00fcd\u00fcrl\u00fc\u011f\u00fc ve Tav\u015fanl\u0131 Belediyesi itfaiye ekipleri harekete ge\u00e7ti. B\u00f6lgeye h\u0131zla intikal eden ekipler, yang\u0131n\u0131n ormanl\u0131k alana yay\u0131lmas\u0131n\u0131 engellemek amac\u0131yla yo\u011fun&#8230;<\/p>\n","protected":false},"author":1,"featured_media":40468,"comment_status":"open","ping_status":"open","sticky":false,"template":"","format":"standard","meta":{"_crdt_document":"","footnotes":""},"categories":[5],"tags":[],"class_list":["post-40467","post","type-post","status-publish","format-standard","has-post-thumbnail","hentry","category-asayis"],"_links":{"self":[{"href":"https:\/\/www.egemtv.com\/index.php?rest_route=\/wp\/v2\/posts\/40467","targetHints":{"allow":["GET"]}}],"collection":[{"href":"https:\/\/www.egemtv.com\/index.php?rest_route=\/wp\/v2\/posts"}],"about":[{"href":"https:\/\/www.egemtv.com\/index.php?rest_route=\/wp\/v2\/types\/post"}],"author":[{"embeddable":true,"href":"https:\/\/www.egemtv.com\/index.php?rest_route=\/wp\/v2\/users\/1"}],"replies":[{"embeddable":true,"href":"https:\/\/www.egemtv.com\/index.php?rest_route=%2Fwp%2Fv2%2Fcomments&post=40467"}],"version-history":[{"count":1,"href":"https:\/\/www.egemtv.com\/index.php?rest_route=\/wp\/v2\/posts\/40467\/revisions"}],"predecessor-version":[{"id":40469,"href":"https:\/\/www.egemtv.com\/index.php?rest_route=\/wp\/v2\/posts\/40467\/revisions\/40469"}],"wp:featuredmedia":[{"embeddable":true,"href":"https:\/\/www.egemtv.com\/index.php?rest_route=\/wp\/v2\/media\/40468"}],"wp:attachment":[{"href":"https:\/\/www.egemtv.com\/index.php?rest_route=%2Fwp%2Fv2%2Fmedia&parent=40467"}],"wp:term":[{"taxonomy":"category","embeddable":true,"href":"https:\/\/www.egemtv.com\/index.php?rest_route=%2Fwp%2Fv2%2Fcategories&post=40467"},{"taxonomy":"post_tag","embeddable":true,"href":"https:\/\/www.egemtv.com\/index.php?rest_route=%2Fwp%2Fv2%2Ftags&post=40467"}],"curies":[{"name":"wp","href":"https:\/\/api.w.org\/{rel}","templated":true}]}}