{"id":40464,"date":"2025-07-07T16:18:40","date_gmt":"2025-07-07T13:18:40","guid":{"rendered":"https:\/\/www.egemtv.com\/?p=40464"},"modified":"2025-07-07T16:18:46","modified_gmt":"2025-07-07T13:18:46","slug":"bozdogandaki-zirai-alan-yangini-sonduruldu","status":"publish","type":"post","link":"https:\/\/www.egemtv.com\/?p=40464","title":{"rendered":"Bozdo\u011fan\u2019daki zirai alan yang\u0131n\u0131 s\u00f6nd\u00fcr\u00fcld\u00fc"},"content":{"rendered":"<p>Ayd\u0131n\u2019\u0131n Bozdo\u011fan il\u00e7esinde zirai alanda \u00e7\u0131kan yang\u0131n ekiplerin h\u0131zl\u0131 m\u00fcdahalesi ile b\u00fcy\u00fcmeden s\u00f6nd\u00fcr\u00fcld\u00fc.<br \/>\n<br \/>Yang\u0131n Yaz\u0131kent Mahallesi\u2019nde meydana geldi. Edinilen bilgiye g\u00f6re zirai alanda hen\u00fcz bilinmeyen bir nedenle yang\u0131n ba\u015flad\u0131. \u0130hbar \u00fczerine Mu\u011fla Orman B\u00f6lge M\u00fcd\u00fcrl\u00fc\u011f\u00fc Yang\u0131n S\u00f6nd\u00fcrme, Ayd\u0131n B\u00fcy\u00fck\u015fehir Belediyesi \u0130tfaiye ve Bozdo\u011fan Belediyesi ekipleri b\u00f6lgeye sevk edildi. Yang\u0131na havadan ve karadan m\u00fcdahale edildi. Makilik ve zirai alanda etkili olan ve kontrol alt\u0131na al\u0131nan yang\u0131nda 2 hektar alan zarar g\u00f6r\u00fcrken b\u00f6lgede so\u011futma \u00e7al\u0131\u015fmalar\u0131 devam ediyor.<br \/>\n<br \/>Bozdo\u011fan Belediye Ba\u015fkan\u0131 M. Galip \u00d6zel\u2019de yang\u0131n b\u00f6lgesine gelerek devam eden \u00e7al\u0131\u015fmalar\u0131 yak\u0131ndan takip etti.<br \/><\/p>\n","protected":false},"excerpt":{"rendered":"<p>Ayd\u0131n\u2019\u0131n Bozdo\u011fan il\u00e7esinde zirai alanda \u00e7\u0131kan yang\u0131n ekiplerin h\u0131zl\u0131 m\u00fcdahalesi ile b\u00fcy\u00fcmeden s\u00f6nd\u00fcr\u00fcld\u00fc. Yang\u0131n Yaz\u0131kent Mahallesi\u2019nde meydana geldi. Edinilen bilgiye g\u00f6re zirai alanda hen\u00fcz bilinmeyen bir nedenle yang\u0131n ba\u015flad\u0131. \u0130hbar \u00fczerine Mu\u011fla Orman B\u00f6lge M\u00fcd\u00fcrl\u00fc\u011f\u00fc Yang\u0131n S\u00f6nd\u00fcrme, Ayd\u0131n B\u00fcy\u00fck\u015fehir Belediyesi \u0130tfaiye ve Bozdo\u011fan Belediyesi ekipleri b\u00f6lgeye sevk edildi. Yang\u0131na havadan ve karadan m\u00fcdahale edildi. Makilik&#8230;<\/p>\n","protected":false},"author":1,"featured_media":40465,"comment_status":"open","ping_status":"open","sticky":false,"template":"","format":"standard","meta":{"_crdt_document":"","footnotes":""},"categories":[1],"tags":[],"class_list":["post-40464","post","type-post","status-publish","format-standard","has-post-thumbnail","hentry","category-guncel"],"_links":{"self":[{"href":"https:\/\/www.egemtv.com\/index.php?rest_route=\/wp\/v2\/posts\/40464","targetHints":{"allow":["GET"]}}],"collection":[{"href":"https:\/\/www.egemtv.com\/index.php?rest_route=\/wp\/v2\/posts"}],"about":[{"href":"https:\/\/www.egemtv.com\/index.php?rest_route=\/wp\/v2\/types\/post"}],"author":[{"embeddable":true,"href":"https:\/\/www.egemtv.com\/index.php?rest_route=\/wp\/v2\/users\/1"}],"replies":[{"embeddable":true,"href":"https:\/\/www.egemtv.com\/index.php?rest_route=%2Fwp%2Fv2%2Fcomments&post=40464"}],"version-history":[{"count":1,"href":"https:\/\/www.egemtv.com\/index.php?rest_route=\/wp\/v2\/posts\/40464\/revisions"}],"predecessor-version":[{"id":40466,"href":"https:\/\/www.egemtv.com\/index.php?rest_route=\/wp\/v2\/posts\/40464\/revisions\/40466"}],"wp:featuredmedia":[{"embeddable":true,"href":"https:\/\/www.egemtv.com\/index.php?rest_route=\/wp\/v2\/media\/40465"}],"wp:attachment":[{"href":"https:\/\/www.egemtv.com\/index.php?rest_route=%2Fwp%2Fv2%2Fmedia&parent=40464"}],"wp:term":[{"taxonomy":"category","embeddable":true,"href":"https:\/\/www.egemtv.com\/index.php?rest_route=%2Fwp%2Fv2%2Fcategories&post=40464"},{"taxonomy":"post_tag","embeddable":true,"href":"https:\/\/www.egemtv.com\/index.php?rest_route=%2Fwp%2Fv2%2Ftags&post=40464"}],"curies":[{"name":"wp","href":"https:\/\/api.w.org\/{rel}","templated":true}]}}