{"id":40461,"date":"2025-07-07T16:18:32","date_gmt":"2025-07-07T13:18:32","guid":{"rendered":"https:\/\/www.egemtv.com\/?p=40461"},"modified":"2025-07-07T16:18:40","modified_gmt":"2025-07-07T13:18:40","slug":"ak-partili-saygili-cumhurbaskanimiz-izmiri-anbean-takip-ediyor-kimse-magdur-edilmeyecek","status":"publish","type":"post","link":"https:\/\/www.egemtv.com\/?p=40461","title":{"rendered":"AK Parti\u2019li Sayg\u0131l\u0131: &#8220;Cumhurba\u015fkan\u0131m\u0131z \u0130zmir\u2019i anbean takip ediyor, kimse ma\u011fdur edilmeyecek&#8221;"},"content":{"rendered":"<p>AK Parti \u0130zmir \u0130l Ba\u015fkan\u0131 Bilal Sayg\u0131l\u0131, devletin, yang\u0131ndan etkilenen vatanda\u015flara kira yard\u0131m\u0131, ta\u015f\u0131nma yard\u0131m\u0131 ve e\u015fya zararlar\u0131n\u0131 kar\u015f\u0131lad\u0131\u011f\u0131n\u0131, ilk etapta 30 milyon TL aktard\u0131\u011f\u0131n\u0131 belirterek, &#8220;Cumhurba\u015fkan\u0131m\u0131z Say\u0131n Recep Tayyip Erdo\u011fan, \u0130zmir\u2019i anbean takip etmekte; vatanda\u015flar\u0131m\u0131z\u0131n hi\u00e7bir \u015fekilde ma\u011fdur edilmemesi talimat\u0131n\u0131 net bir \u015fekilde vermi\u015ftir. Devletimiz ilk andan itibaren t\u00fcm imkanlar\u0131yla sahadad\u0131r. Tespit edilen 256 y\u0131k\u0131k veya a\u011f\u0131r hasarl\u0131 ba\u011f\u0131ms\u0131z birim, 1 y\u0131l ge\u00e7meden yap\u0131larak yerinde modern, g\u00fcvenli ve sa\u011flam konutlar\u0131m\u0131z, i\u015f yerlerimiz ve ah\u0131rlar\u0131m\u0131z afetzede vatanda\u015flar\u0131m\u0131za teslim edilecektir\u2019\u2019 dedi.<br \/>\n<br \/>AK Parti \u0130zmir \u0130l Ba\u015fkan\u0131 Bilal Sayg\u0131l\u0131, kentteki yang\u0131nlar sonras\u0131, etkilenen vatanda\u015flar\u0131 ziyaret edip ge\u00e7mi\u015f olsun dileklerini iletti. Devletin b\u00f6lgeye olan yard\u0131mlar\u0131ndan bahseden Ba\u015fkan Sayg\u0131l\u0131, \u2018\u2019\u0130zmir\u2019imizde Gaziemir, \u00d6demi\u015f, \u00c7e\u015fme, Seferihisar, Buca ve Bornova\u2019da 25 Haziran- 4 Temmuz tarihleri i\u00e7erisinde meydana gelen orman yang\u0131nlar\u0131, hepimizin y\u00fcre\u011fini yakm\u0131\u015ft\u0131r. Yang\u0131nlar\u0131n s\u00f6nd\u00fcr\u00fclmesinde 3 bin 558 personel, 892 kara arac\u0131, 73 hava arac\u0131 m\u00fccadele vermi\u015ftir. 13 mahallemizde toplam 713 ba\u011f\u0131ms\u0131z birimde yap\u0131lan detayl\u0131 incelemeler neticesinde; 228\u2019i konut, 13\u2019\u00fc i\u015fyeri ve 15\u2019i ah\u0131r olmak \u00fczere toplam 256 ba\u011f\u0131ms\u0131z birim y\u0131k\u0131k veya a\u011f\u0131r hasarl\u0131 oldu\u011fu tespit edilmi\u015ftir. Devletimiz ilk andan itibaren t\u00fcm imk\u00e2nlar\u0131yla sahadad\u0131r. AFAD taraf\u0131ndan \u0130zmir\u2019imize 30 milyon TL acil \u00f6denek aktar\u0131lm\u0131\u015f, yang\u0131ndan etkilenen vatanda\u015flar\u0131m\u0131z\u0131n hesaplar\u0131na yakla\u015f\u0131k 16 milyon TL h\u0131zl\u0131ca yat\u0131r\u0131lm\u0131\u015ft\u0131r. Kira yard\u0131m\u0131, ta\u015f\u0131nma yard\u0131m\u0131 ve e\u015fya zararlar\u0131 kar\u015f\u0131lanm\u0131\u015f; ihtiya\u00e7 halinde ek \u00f6deneklerin g\u00f6nderilece\u011fi de net olarak a\u00e7\u0131klanm\u0131\u015ft\u0131r&#8221; ifadelerini kulland\u0131.<\/p>\n<p>&#8220;Cumhurba\u015fkan\u0131m\u0131z Say\u0131n Recep Tayyip Erdo\u011fan, \u0130zmir\u2019i anbean takip etmekte&#8221;<br \/>\n<br \/>Tar\u0131m ve Orman Bakan\u0131 \u0130brahim Yumakl\u0131\u2019n\u0131n yang\u0131n s\u00f6nd\u00fcrme koordinasyonunu \u0130zmir\u2019de y\u00f6netti\u011fini vurgulayan Ba\u015fkan Sayg\u0131l\u0131, &#8220;\u00c7evre, \u015eehircilik ve \u0130klim De\u011fi\u015fikli\u011fi Bakan\u0131m\u0131z Say\u0131n Murat Kurum ve \u0130\u00e7i\u015fleri Bakan\u0131m\u0131z Say\u0131n Ali Yerlikaya ilimize gelerek hasar tespit \u00e7al\u0131\u015fmalar\u0131n\u0131 yerinde denetlemi\u015ftir. Genel Sekreterimiz ve \u0130zmir Milletvekilimiz Say\u0131n Eyy\u00fcp Kadir \u0130nan ve milletvekillerimiz de yang\u0131n alanlar\u0131nda \u00e7al\u0131\u015fm\u0131\u015ft\u0131r. En b\u00fcy\u00fck g\u00fcc\u00fcm\u00fcz; devletimizin kararl\u0131l\u0131\u011f\u0131 ve milletimizin vakur duru\u015fudur. Cumhurba\u015fkan\u0131m\u0131z Say\u0131n Recep Tayyip Erdo\u011fan, \u0130zmir\u2019i anbean takip etmekte; \u2018Vatanda\u015flar\u0131m\u0131z\u0131n hi\u00e7bir \u015fekilde ma\u011fdur edilmemesi\u2019 talimat\u0131n\u0131 net bir \u015fekilde vermi\u015ftir. TOK\u0130\u2019miz \u00f6n\u00fcm\u00fczdeki bir iki ay i\u00e7inde in\u015faat faaliyetlerine ba\u015flayacak; 1 y\u0131l ge\u00e7meden, yerinde, modern, g\u00fcvenli ve sa\u011flam konutlar\u0131m\u0131z, i\u015f yerlerimiz ve ah\u0131rlar\u0131m\u0131z afetzede vatanda\u015flar\u0131m\u0131za teslim edilecektir\u2019\u2019 diye ekledi.<\/p>\n<p>&#8220;Devletimiz, her afet b\u00f6lgesinde oldu\u011fu gibi \u0130zmir\u2019imizde de kimseyi yaln\u0131z b\u0131rakmam\u0131\u015ft\u0131r, b\u0131rakmayacakt\u0131r&#8221;<br \/>\n<br \/>Ge\u00e7ici bar\u0131nma ihtiyac\u0131n\u0131 kar\u015f\u0131lamak \u00fczere i\u00e7erisinde klima, mini buzdolab\u0131, elektrikli ocak, ranza ve yatak bulunan toplam 56 konteyner \u00d6demi\u015f\u2019e g\u00f6nderildi\u011fini belirten Ba\u015fkan Sayg\u0131l\u0131, a\u00e7\u0131klamas\u0131n\u0131 \u015fu \u015fekilde s\u00fcrd\u00fcrd\u00fc:<br \/>\n<br \/>&#8220;Karado\u011fan Mahallesi\u2019nde 10\u2019u toplu alanda, 6\u2019s\u0131 bireysel olmak \u00fczere 16 konteynerin kurulumu tamamland\u0131. Kalan konteynerlerin de kurulumu i\u00e7in yer belirleme \u00e7al\u0131\u015fmalar\u0131, AFAD teknik ekibi taraf\u0131ndan devam ediliyor. Konteyner alana 72 bin, almayana 162 bin TL \u00f6deme yap\u0131lacak. \u00d6demi\u015f Karado\u011fan ve Su\u00e7\u0131kt\u0131 aras\u0131nda bozulan yakla\u015f\u0131k 14 kilometre ana grup yolun onar\u0131m\u0131na ba\u015fland\u0131. Karayollar\u0131 ekipleri malzeme ta\u015f\u0131maya ba\u015flad\u0131, bu hafta i\u00e7inde tamamlanacak. Telef olan 42 k\u00fc\u00e7\u00fckba\u015f ve b\u00fcy\u00fckba\u015f hayvan, 110 kanatl\u0131 hayvan ve 4175 kovan ar\u0131s\u0131 ile birlikte, \u00c7ift\u00e7i Kay\u0131t Sistemine kay\u0131tl\u0131 olan \u00e7ift\u00e7ilerimize verilecek. Devletimiz, her afet b\u00f6lgesinde oldu\u011fu gibi \u0130zmir\u2019imizde de kimseyi yaln\u0131z b\u0131rakmam\u0131\u015ft\u0131r, b\u0131rakmayacakt\u0131r. Bu vesileyle; yang\u0131nlarda zarar g\u00f6ren hem\u015fehrilerimize ge\u00e7mi\u015f olsun dileklerimizi iletiyor, fedak\u00e2rca g\u00f6rev yapan t\u00fcm orman kahramanlar\u0131m\u0131za, kamu personelimize ve g\u00f6n\u00fcll\u00fclerimize \u015f\u00fckranlar\u0131m\u0131z\u0131 sunuyoruz. \u0130zmir\u2019imizin yaralar\u0131n\u0131 birlikte saracak, g\u00fc\u00e7l\u00fc yar\u0131nlar\u0131m\u0131z\u0131 yine birlikte in\u015fa edece\u011fiz.\u2019\u2019<br \/><\/p>\n","protected":false},"excerpt":{"rendered":"<p>AK Parti \u0130zmir \u0130l Ba\u015fkan\u0131 Bilal Sayg\u0131l\u0131, devletin, yang\u0131ndan etkilenen vatanda\u015flara kira yard\u0131m\u0131, ta\u015f\u0131nma yard\u0131m\u0131 ve e\u015fya zararlar\u0131n\u0131 kar\u015f\u0131lad\u0131\u011f\u0131n\u0131, ilk etapta 30 milyon TL aktard\u0131\u011f\u0131n\u0131 belirterek, &#8220;Cumhurba\u015fkan\u0131m\u0131z Say\u0131n Recep Tayyip Erdo\u011fan, \u0130zmir\u2019i anbean takip etmekte; vatanda\u015flar\u0131m\u0131z\u0131n hi\u00e7bir \u015fekilde ma\u011fdur edilmemesi talimat\u0131n\u0131 net bir \u015fekilde vermi\u015ftir. Devletimiz ilk andan itibaren t\u00fcm imkanlar\u0131yla sahadad\u0131r. Tespit edilen 256&#8230;<\/p>\n","protected":false},"author":1,"featured_media":40462,"comment_status":"open","ping_status":"open","sticky":false,"template":"","format":"standard","meta":{"_crdt_document":"","footnotes":""},"categories":[1],"tags":[],"class_list":["post-40461","post","type-post","status-publish","format-standard","has-post-thumbnail","hentry","category-guncel"],"_links":{"self":[{"href":"https:\/\/www.egemtv.com\/index.php?rest_route=\/wp\/v2\/posts\/40461","targetHints":{"allow":["GET"]}}],"collection":[{"href":"https:\/\/www.egemtv.com\/index.php?rest_route=\/wp\/v2\/posts"}],"about":[{"href":"https:\/\/www.egemtv.com\/index.php?rest_route=\/wp\/v2\/types\/post"}],"author":[{"embeddable":true,"href":"https:\/\/www.egemtv.com\/index.php?rest_route=\/wp\/v2\/users\/1"}],"replies":[{"embeddable":true,"href":"https:\/\/www.egemtv.com\/index.php?rest_route=%2Fwp%2Fv2%2Fcomments&post=40461"}],"version-history":[{"count":1,"href":"https:\/\/www.egemtv.com\/index.php?rest_route=\/wp\/v2\/posts\/40461\/revisions"}],"predecessor-version":[{"id":40463,"href":"https:\/\/www.egemtv.com\/index.php?rest_route=\/wp\/v2\/posts\/40461\/revisions\/40463"}],"wp:featuredmedia":[{"embeddable":true,"href":"https:\/\/www.egemtv.com\/index.php?rest_route=\/wp\/v2\/media\/40462"}],"wp:attachment":[{"href":"https:\/\/www.egemtv.com\/index.php?rest_route=%2Fwp%2Fv2%2Fmedia&parent=40461"}],"wp:term":[{"taxonomy":"category","embeddable":true,"href":"https:\/\/www.egemtv.com\/index.php?rest_route=%2Fwp%2Fv2%2Fcategories&post=40461"},{"taxonomy":"post_tag","embeddable":true,"href":"https:\/\/www.egemtv.com\/index.php?rest_route=%2Fwp%2Fv2%2Ftags&post=40461"}],"curies":[{"name":"wp","href":"https:\/\/api.w.org\/{rel}","templated":true}]}}