{"id":40458,"date":"2025-07-07T15:56:22","date_gmt":"2025-07-07T12:56:22","guid":{"rendered":"https:\/\/www.egemtv.com\/?p=40458"},"modified":"2025-07-07T15:56:27","modified_gmt":"2025-07-07T12:56:27","slug":"sarigollu-avcilarin-yeni-baskani-mustafa-atakan-aktan-oldu","status":"publish","type":"post","link":"https:\/\/www.egemtv.com\/?p=40458","title":{"rendered":"Sar\u0131g\u00f6ll\u00fc avc\u0131lar\u0131n yeni Ba\u015fkan\u0131 Mustafa Atakan Aktan oldu"},"content":{"rendered":"<p>Manisa\u2019n\u0131n Sar\u0131g\u00f6l il\u00e7esinde faaliyet g\u00f6steren Sar\u0131g\u00f6l Avc\u0131l\u0131k ve At\u0131c\u0131l\u0131k Spor Kul\u00fcb\u00fc Derne\u011fi\u2019nin ola\u011fan kongresi yo\u011fun kat\u0131l\u0131mla ger\u00e7ekle\u015ftirildi. Eski ba\u015fkan Tolga Karata\u015f\u2019\u0131n aday olmad\u0131\u011f\u0131 kongrede iki isim ba\u015fkanl\u0131k i\u00e7in yar\u0131\u015ft\u0131.<br \/>\n<br \/>Kongre, Sar\u0131g\u00f6l Avc\u0131l\u0131k ve At\u0131c\u0131l\u0131k Spor Kul\u00fcb\u00fc Derne\u011fi lokalinde yap\u0131ld\u0131. 368 \u00fcyenin oy kulland\u0131\u011f\u0131 se\u00e7imde Mustafa Atakan Aktan 220 oy alarak derne\u011fin yeni ba\u015fkan\u0131 oldu. Rakibi S\u00fcleyman \u00d6zer ise 147 oy ald\u0131. 1 oy ise ge\u00e7ersiz say\u0131ld\u0131.<\/p>\n<p>Yeni y\u00f6netim belirlendi<br \/>\n<br \/>Ba\u015fkanl\u0131\u011fa se\u00e7ilen Mustafa Atakan Aktan\u2019\u0131n listesiyle birlikte olu\u015fan yeni y\u00f6netim kurulu \u015fu isimlerden olu\u015ftu:<br \/>\n<br \/>&#8220;Mustafa Atakan Aktan, Muzaffer Mersin, Zafer Yolda\u015f, Mesut Akba\u015f, Halis Duymaz, Mehmet Alt\u0131nkaya, Tevfik Sar\u0131.&#8221;<br \/>\n<br \/>Denetim Kurulu Asil \u00dcyeleri ise, G\u00f6khan Yener, Yusuf Canbaz ve Atalay Vural\u2019dan olu\u015ftu.<\/p>\n<p>&#8220;Bu bir bayrak yar\u0131\u015f\u0131d\u0131r&#8221;<br \/>\n<br \/>Ba\u015fkan se\u00e7ilen Mustafa Atakan Aktan yapt\u0131\u011f\u0131 te\u015fekk\u00fcr konu\u015fmas\u0131nda, &#8220;Bu bir bayrak yar\u0131\u015f\u0131d\u0131r. Bizden \u00f6nce g\u00f6rev yapan ba\u015fkanlar\u0131m\u0131z, derne\u011fimizi bu seviyeye getirdiler. Hepsine ayr\u0131 ayr\u0131 te\u015fekk\u00fcr ederim. Bizler de daha ileri seviyeye ta\u015f\u0131mak i\u00e7in gayret edece\u011fiz. Tek iste\u011fim; kanunlara uymak ve yasalar\u0131n belirledi\u011fi g\u00fcnlerde, yasalara uygun avlanmak. Bu konuda t\u00fcm \u00fcyelerimizin hassasiyet g\u00f6stermesini rica ediyorum.&#8221; dedi.<br \/><\/p>\n","protected":false},"excerpt":{"rendered":"<p>Manisa\u2019n\u0131n Sar\u0131g\u00f6l il\u00e7esinde faaliyet g\u00f6steren Sar\u0131g\u00f6l Avc\u0131l\u0131k ve At\u0131c\u0131l\u0131k Spor Kul\u00fcb\u00fc Derne\u011fi\u2019nin ola\u011fan kongresi yo\u011fun kat\u0131l\u0131mla ger\u00e7ekle\u015ftirildi. Eski ba\u015fkan Tolga Karata\u015f\u2019\u0131n aday olmad\u0131\u011f\u0131 kongrede iki isim ba\u015fkanl\u0131k i\u00e7in yar\u0131\u015ft\u0131. Kongre, Sar\u0131g\u00f6l Avc\u0131l\u0131k ve At\u0131c\u0131l\u0131k Spor Kul\u00fcb\u00fc Derne\u011fi lokalinde yap\u0131ld\u0131. 368 \u00fcyenin oy kulland\u0131\u011f\u0131 se\u00e7imde Mustafa Atakan Aktan 220 oy alarak derne\u011fin yeni ba\u015fkan\u0131 oldu. Rakibi&#8230;<\/p>\n","protected":false},"author":1,"featured_media":40459,"comment_status":"open","ping_status":"open","sticky":false,"template":"","format":"standard","meta":{"_crdt_document":"","footnotes":""},"categories":[4],"tags":[],"class_list":["post-40458","post","type-post","status-publish","format-standard","has-post-thumbnail","hentry","category-spor"],"_links":{"self":[{"href":"https:\/\/www.egemtv.com\/index.php?rest_route=\/wp\/v2\/posts\/40458","targetHints":{"allow":["GET"]}}],"collection":[{"href":"https:\/\/www.egemtv.com\/index.php?rest_route=\/wp\/v2\/posts"}],"about":[{"href":"https:\/\/www.egemtv.com\/index.php?rest_route=\/wp\/v2\/types\/post"}],"author":[{"embeddable":true,"href":"https:\/\/www.egemtv.com\/index.php?rest_route=\/wp\/v2\/users\/1"}],"replies":[{"embeddable":true,"href":"https:\/\/www.egemtv.com\/index.php?rest_route=%2Fwp%2Fv2%2Fcomments&post=40458"}],"version-history":[{"count":1,"href":"https:\/\/www.egemtv.com\/index.php?rest_route=\/wp\/v2\/posts\/40458\/revisions"}],"predecessor-version":[{"id":40460,"href":"https:\/\/www.egemtv.com\/index.php?rest_route=\/wp\/v2\/posts\/40458\/revisions\/40460"}],"wp:featuredmedia":[{"embeddable":true,"href":"https:\/\/www.egemtv.com\/index.php?rest_route=\/wp\/v2\/media\/40459"}],"wp:attachment":[{"href":"https:\/\/www.egemtv.com\/index.php?rest_route=%2Fwp%2Fv2%2Fmedia&parent=40458"}],"wp:term":[{"taxonomy":"category","embeddable":true,"href":"https:\/\/www.egemtv.com\/index.php?rest_route=%2Fwp%2Fv2%2Fcategories&post=40458"},{"taxonomy":"post_tag","embeddable":true,"href":"https:\/\/www.egemtv.com\/index.php?rest_route=%2Fwp%2Fv2%2Ftags&post=40458"}],"curies":[{"name":"wp","href":"https:\/\/api.w.org\/{rel}","templated":true}]}}