{"id":40452,"date":"2025-07-07T15:36:30","date_gmt":"2025-07-07T12:36:30","guid":{"rendered":"https:\/\/www.egemtv.com\/?p=40452"},"modified":"2025-07-07T15:36:38","modified_gmt":"2025-07-07T12:36:38","slug":"sokede-hasat-oncesi-pestisit-kontrolu-yapildi","status":"publish","type":"post","link":"https:\/\/www.egemtv.com\/?p=40452","title":{"rendered":"S\u00f6ke\u2019de hasat \u00f6ncesi pestisit kontrol\u00fc yap\u0131ld\u0131"},"content":{"rendered":"<p>Ayd\u0131n\u2019\u0131n S\u00f6ke il\u00e7esinde domates sezonu hareketlili\u011fi ba\u015flarken, sahaya inen il\u00e7e tar\u0131m ekipleri pestisit kontrol\u00fc i\u00e7in hasat \u00f6ncesinde domateslerden numune ald\u0131.<\/p>\n<p>T\u00fcrkiye\u2019nin domates \u00fcretim merkezleri aras\u0131nda yer alan Ayd\u0131n\u2019da, domates \u00fcreticilerinin hasat hareketlili\u011fi s\u00fcrerken, \u0130l\u00e7e Tar\u0131m ve Orman M\u00fcd\u00fcrl\u00fc\u011f\u00fc ekipleri de tarlalardaki kontrollerine devam ediyor. Bu \u00e7er\u00e7evede sahaya inen il\u00e7e tar\u0131m ekipleri, hasat \u00f6ncesi pestisit kal\u0131nt\u0131 kontrol\u00fc i\u00e7in numune al\u0131m\u0131 ger\u00e7ekle\u015ftirdi. Yap\u0131lan kontrollerle hem insan sa\u011fl\u0131\u011f\u0131n\u0131 korumak hem de ihracat kalitesini art\u0131rmak hedeflenirken, numune al\u0131mlar\u0131n\u0131n yan\u0131 s\u0131ra \u00fcr\u00fcn kalitesini de inceleyen ekipler, \u00fcreticilere de bilgilendirmelerde bulundu. \u00c7al\u0131\u015fmalar\u0131n aral\u0131ks\u0131z s\u00fcrece\u011fi \u00f6\u011frenildi.<br \/><\/p>\n","protected":false},"excerpt":{"rendered":"<p>Ayd\u0131n\u2019\u0131n S\u00f6ke il\u00e7esinde domates sezonu hareketlili\u011fi ba\u015flarken, sahaya inen il\u00e7e tar\u0131m ekipleri pestisit kontrol\u00fc i\u00e7in hasat \u00f6ncesinde domateslerden numune ald\u0131. T\u00fcrkiye\u2019nin domates \u00fcretim merkezleri aras\u0131nda yer alan Ayd\u0131n\u2019da, domates \u00fcreticilerinin hasat hareketlili\u011fi s\u00fcrerken, \u0130l\u00e7e Tar\u0131m ve Orman M\u00fcd\u00fcrl\u00fc\u011f\u00fc ekipleri de tarlalardaki kontrollerine devam ediyor. Bu \u00e7er\u00e7evede sahaya inen il\u00e7e tar\u0131m ekipleri, hasat \u00f6ncesi pestisit kal\u0131nt\u0131&#8230;<\/p>\n","protected":false},"author":1,"featured_media":40453,"comment_status":"open","ping_status":"open","sticky":false,"template":"","format":"standard","meta":{"_crdt_document":"","footnotes":""},"categories":[1],"tags":[],"class_list":["post-40452","post","type-post","status-publish","format-standard","has-post-thumbnail","hentry","category-guncel"],"_links":{"self":[{"href":"https:\/\/www.egemtv.com\/index.php?rest_route=\/wp\/v2\/posts\/40452","targetHints":{"allow":["GET"]}}],"collection":[{"href":"https:\/\/www.egemtv.com\/index.php?rest_route=\/wp\/v2\/posts"}],"about":[{"href":"https:\/\/www.egemtv.com\/index.php?rest_route=\/wp\/v2\/types\/post"}],"author":[{"embeddable":true,"href":"https:\/\/www.egemtv.com\/index.php?rest_route=\/wp\/v2\/users\/1"}],"replies":[{"embeddable":true,"href":"https:\/\/www.egemtv.com\/index.php?rest_route=%2Fwp%2Fv2%2Fcomments&post=40452"}],"version-history":[{"count":1,"href":"https:\/\/www.egemtv.com\/index.php?rest_route=\/wp\/v2\/posts\/40452\/revisions"}],"predecessor-version":[{"id":40454,"href":"https:\/\/www.egemtv.com\/index.php?rest_route=\/wp\/v2\/posts\/40452\/revisions\/40454"}],"wp:featuredmedia":[{"embeddable":true,"href":"https:\/\/www.egemtv.com\/index.php?rest_route=\/wp\/v2\/media\/40453"}],"wp:attachment":[{"href":"https:\/\/www.egemtv.com\/index.php?rest_route=%2Fwp%2Fv2%2Fmedia&parent=40452"}],"wp:term":[{"taxonomy":"category","embeddable":true,"href":"https:\/\/www.egemtv.com\/index.php?rest_route=%2Fwp%2Fv2%2Fcategories&post=40452"},{"taxonomy":"post_tag","embeddable":true,"href":"https:\/\/www.egemtv.com\/index.php?rest_route=%2Fwp%2Fv2%2Ftags&post=40452"}],"curies":[{"name":"wp","href":"https:\/\/api.w.org\/{rel}","templated":true}]}}