{"id":40449,"date":"2025-07-07T15:36:20","date_gmt":"2025-07-07T12:36:20","guid":{"rendered":"https:\/\/www.egemtv.com\/?p=40449"},"modified":"2025-07-07T15:36:30","modified_gmt":"2025-07-07T12:36:30","slug":"afyonkarahisar-ile-cin-halk-cumhuriyeti-arasindaki-iliskiler-degerlendirildi","status":"publish","type":"post","link":"https:\/\/www.egemtv.com\/?p=40449","title":{"rendered":"Afyonkarahisar ile \u00c7in Halk Cumhuriyeti aras\u0131ndaki ili\u015fkiler de\u011ferlendirildi"},"content":{"rendered":"<p>Afyonkarahisar ile \u00c7in Halk Cumhuriyeti aras\u0131nda ticaretin ve ili\u015fkilerin geli\u015ftirilmesi ad\u0131na toplant\u0131 ger\u00e7ekle\u015ftirildi.<br \/>\n<br \/>Vali Do\u00e7. Dr. K\u00fcbra G\u00fcran Yi\u011fitba\u015f\u0131, \u00c7in Halk Cumhuriyeti B\u00fcy\u00fckel\u00e7isi Jiang Xuebin, \u00c7in Halk Cumhuriyeti Ankara B\u00fcy\u00fckel\u00e7ili\u011fi Ekonomi, Ticaret ve El\u00e7i M\u00fcste\u015far\u0131 Dr. Liu Yuhua, T\u00fcrkiye \u00c7in \u0130\u015f Geli\u015ftirme ve Destekleme Derne\u011fi Genel Ba\u015fkan\u0131 \u0130hsan Be\u015fer, T\u00fcrkiye \u00c7in \u0130\u015f Geli\u015ftirme ve Destekleme Derne\u011fi D\u0131\u015f \u0130li\u015fkiler Koordinat\u00f6r\u00fc Ali Berat Be\u015fer, TC-\u0130SGED \u00dcyesi ve Radim Radyat\u00f6r Y\u00f6netim Kurulu Ba\u015fkan\u0131 O\u011fuzhan Cellat\u2019\u0131 makam\u0131nda kabul etti.<br \/>\n<br \/>Ger\u00e7ekle\u015fen ziyarette Afyonkarahisar ile \u00c7in aras\u0131nda ki ticaret ile birlikte ili\u015fkilerin g\u00fc\u00e7lendirilmesi ad\u0131na fikir al\u0131\u015fveri\u015finde bulunuldu.<br \/><\/p>\n","protected":false},"excerpt":{"rendered":"<p>Afyonkarahisar ile \u00c7in Halk Cumhuriyeti aras\u0131nda ticaretin ve ili\u015fkilerin geli\u015ftirilmesi ad\u0131na toplant\u0131 ger\u00e7ekle\u015ftirildi. Vali Do\u00e7. Dr. K\u00fcbra G\u00fcran Yi\u011fitba\u015f\u0131, \u00c7in Halk Cumhuriyeti B\u00fcy\u00fckel\u00e7isi Jiang Xuebin, \u00c7in Halk Cumhuriyeti Ankara B\u00fcy\u00fckel\u00e7ili\u011fi Ekonomi, Ticaret ve El\u00e7i M\u00fcste\u015far\u0131 Dr. Liu Yuhua, T\u00fcrkiye \u00c7in \u0130\u015f Geli\u015ftirme ve Destekleme Derne\u011fi Genel Ba\u015fkan\u0131 \u0130hsan Be\u015fer, T\u00fcrkiye \u00c7in \u0130\u015f Geli\u015ftirme ve Destekleme&#8230;<\/p>\n","protected":false},"author":1,"featured_media":40450,"comment_status":"open","ping_status":"open","sticky":false,"template":"","format":"standard","meta":{"_crdt_document":"","footnotes":""},"categories":[1],"tags":[],"class_list":["post-40449","post","type-post","status-publish","format-standard","has-post-thumbnail","hentry","category-guncel"],"_links":{"self":[{"href":"https:\/\/www.egemtv.com\/index.php?rest_route=\/wp\/v2\/posts\/40449","targetHints":{"allow":["GET"]}}],"collection":[{"href":"https:\/\/www.egemtv.com\/index.php?rest_route=\/wp\/v2\/posts"}],"about":[{"href":"https:\/\/www.egemtv.com\/index.php?rest_route=\/wp\/v2\/types\/post"}],"author":[{"embeddable":true,"href":"https:\/\/www.egemtv.com\/index.php?rest_route=\/wp\/v2\/users\/1"}],"replies":[{"embeddable":true,"href":"https:\/\/www.egemtv.com\/index.php?rest_route=%2Fwp%2Fv2%2Fcomments&post=40449"}],"version-history":[{"count":1,"href":"https:\/\/www.egemtv.com\/index.php?rest_route=\/wp\/v2\/posts\/40449\/revisions"}],"predecessor-version":[{"id":40451,"href":"https:\/\/www.egemtv.com\/index.php?rest_route=\/wp\/v2\/posts\/40449\/revisions\/40451"}],"wp:featuredmedia":[{"embeddable":true,"href":"https:\/\/www.egemtv.com\/index.php?rest_route=\/wp\/v2\/media\/40450"}],"wp:attachment":[{"href":"https:\/\/www.egemtv.com\/index.php?rest_route=%2Fwp%2Fv2%2Fmedia&parent=40449"}],"wp:term":[{"taxonomy":"category","embeddable":true,"href":"https:\/\/www.egemtv.com\/index.php?rest_route=%2Fwp%2Fv2%2Fcategories&post=40449"},{"taxonomy":"post_tag","embeddable":true,"href":"https:\/\/www.egemtv.com\/index.php?rest_route=%2Fwp%2Fv2%2Ftags&post=40449"}],"curies":[{"name":"wp","href":"https:\/\/api.w.org\/{rel}","templated":true}]}}