{"id":40446,"date":"2025-07-07T15:17:31","date_gmt":"2025-07-07T12:17:31","guid":{"rendered":"https:\/\/www.egemtv.com\/?p=40446"},"modified":"2025-07-07T15:17:37","modified_gmt":"2025-07-07T12:17:37","slug":"manisadan-17-firma-iso-ikinci-500-listesinde-yerini-aldi","status":"publish","type":"post","link":"https:\/\/www.egemtv.com\/?p=40446","title":{"rendered":"Manisa\u2019dan 17 firma \u0130SO ikinci 500 listesinde yerini ald\u0131"},"content":{"rendered":"<p>Manisa\u2019da faaliyet g\u00f6steren 17 firma \u0130stanbul Sanayi Odas\u0131 (\u0130SO) taraf\u0131ndan a\u00e7\u0131klanan 2024 y\u0131l\u0131 T\u00fcrkiye\u2019nin \u0130kinci 500 B\u00fcy\u00fck Sanayi Kurulu\u015fu listesinde yer almay\u0131 ba\u015fard\u0131.<br \/>\n<br \/>\u0130stanbul Sanayi Odas\u0131 (\u0130SO) taraf\u0131ndan a\u00e7\u0131klanan 2024 y\u0131l\u0131 T\u00fcrkiye\u2019nin \u0130kinci 500 B\u00fcy\u00fck Sanayi Kurulu\u015fu listesinde Manisa\u2019dan 17 firma yer alma ba\u015far\u0131s\u0131 g\u00f6sterdi. Bu sonu\u00e7la birlikte daha \u00f6nce a\u00e7\u0131klanan \u0130SO \u0130lk 500 B\u00fcy\u00fck Sanayi Kurulu\u015fu listesinde yer alan 39 firma ile birlikte, Manisa\u2019dan toplam 56 firma, T\u00fcrkiye\u2019nin en b\u00fcy\u00fck 1000 sanayi kurulu\u015fu aras\u0131nda yer ald\u0131. Manisa, sanayi alan\u0131nda sahip oldu\u011fu g\u00fc\u00e7l\u00fc altyap\u0131, \u00fcretim kapasitesi ve ihracat potansiyeliyle T\u00fcrkiye ekonomisine \u00f6nemli katk\u0131lar sunmaya devam ediyor. Listede yer alan firmalar\u0131n ba\u015far\u0131lar\u0131, b\u00f6lge sanayisinin istikrarl\u0131 b\u00fcy\u00fcmesini ve rekabet g\u00fcc\u00fcn\u00fc bir kez daha ortaya koydu.<br \/>\n<br \/>Manisa Ticaret ve Sanayi Odas\u0131 Y\u00f6netim Kurulu Ba\u015fkan\u0131 Mehmet Y\u0131lmaz, konuyla ilgili yapt\u0131\u011f\u0131 a\u00e7\u0131klamada \u015fu ifadelere yer verdi: &#8220;\u0130SO taraf\u0131ndan a\u00e7\u0131klanan \u0130kinci 500 B\u00fcy\u00fck Sanayi Kurulu\u015fu listesinde 17 firmam\u0131z\u0131n yer almas\u0131, Manisa sanayisinin \u00fcretim g\u00fcc\u00fcn\u00fc ve s\u00fcrd\u00fcr\u00fclebilir ba\u015far\u0131s\u0131n\u0131 g\u00f6zler \u00f6n\u00fcne sermektedir. \u0130lk 500\u2019de yer alan 39 firmam\u0131zla birlikte \u0130SO \u0130lk 1000 listesinde 56 firmam\u0131z\u0131n bulunmas\u0131 gurur vericidir. Ekonomik dalgalanmalar\u0131n, k\u00fcresel belirsizliklerin ve y\u00fcksek maliyet bask\u0131lar\u0131n\u0131n ya\u015fand\u0131\u011f\u0131 bir d\u00f6nemde dahi \u00fcretimden, yat\u0131r\u0131mdan ve istihdamdan vazge\u00e7meyen t\u00fcm sanayicilerimizi g\u00f6n\u00fclden kutluyorum. Bu ba\u015far\u0131da eme\u011fi ge\u00e7en t\u00fcm firmalar\u0131m\u0131za te\u015fekk\u00fcr ediyor, ba\u015far\u0131lar\u0131n\u0131n artarak devam etmesini diliyorum.&#8221;<br \/>\n<br \/>Manisa Ticaret ve Sanayi Odas\u0131, kentte faaliyet g\u00f6steren sanayi kurulu\u015flar\u0131n\u0131 desteklemeye, sanayi altyap\u0131s\u0131n\u0131 g\u00fc\u00e7lendirmeye ve firmalar\u0131n ulusal ve uluslararas\u0131 pazarda rekabet g\u00fcc\u00fcn\u00fc art\u0131rmaya y\u00f6nelik \u00e7al\u0131\u015fmalar\u0131na kararl\u0131l\u0131kla devam etmektedir.<br \/><\/p>\n","protected":false},"excerpt":{"rendered":"<p>Manisa\u2019da faaliyet g\u00f6steren 17 firma \u0130stanbul Sanayi Odas\u0131 (\u0130SO) taraf\u0131ndan a\u00e7\u0131klanan 2024 y\u0131l\u0131 T\u00fcrkiye\u2019nin \u0130kinci 500 B\u00fcy\u00fck Sanayi Kurulu\u015fu listesinde yer almay\u0131 ba\u015fard\u0131. \u0130stanbul Sanayi Odas\u0131 (\u0130SO) taraf\u0131ndan a\u00e7\u0131klanan 2024 y\u0131l\u0131 T\u00fcrkiye\u2019nin \u0130kinci 500 B\u00fcy\u00fck Sanayi Kurulu\u015fu listesinde Manisa\u2019dan 17 firma yer alma ba\u015far\u0131s\u0131 g\u00f6sterdi. Bu sonu\u00e7la birlikte daha \u00f6nce a\u00e7\u0131klanan \u0130SO \u0130lk 500 B\u00fcy\u00fck&#8230;<\/p>\n","protected":false},"author":1,"featured_media":40447,"comment_status":"open","ping_status":"open","sticky":false,"template":"","format":"standard","meta":{"_crdt_document":"","footnotes":""},"categories":[125],"tags":[],"class_list":["post-40446","post","type-post","status-publish","format-standard","has-post-thumbnail","hentry","category-ekonomi"],"_links":{"self":[{"href":"https:\/\/www.egemtv.com\/index.php?rest_route=\/wp\/v2\/posts\/40446","targetHints":{"allow":["GET"]}}],"collection":[{"href":"https:\/\/www.egemtv.com\/index.php?rest_route=\/wp\/v2\/posts"}],"about":[{"href":"https:\/\/www.egemtv.com\/index.php?rest_route=\/wp\/v2\/types\/post"}],"author":[{"embeddable":true,"href":"https:\/\/www.egemtv.com\/index.php?rest_route=\/wp\/v2\/users\/1"}],"replies":[{"embeddable":true,"href":"https:\/\/www.egemtv.com\/index.php?rest_route=%2Fwp%2Fv2%2Fcomments&post=40446"}],"version-history":[{"count":1,"href":"https:\/\/www.egemtv.com\/index.php?rest_route=\/wp\/v2\/posts\/40446\/revisions"}],"predecessor-version":[{"id":40448,"href":"https:\/\/www.egemtv.com\/index.php?rest_route=\/wp\/v2\/posts\/40446\/revisions\/40448"}],"wp:featuredmedia":[{"embeddable":true,"href":"https:\/\/www.egemtv.com\/index.php?rest_route=\/wp\/v2\/media\/40447"}],"wp:attachment":[{"href":"https:\/\/www.egemtv.com\/index.php?rest_route=%2Fwp%2Fv2%2Fmedia&parent=40446"}],"wp:term":[{"taxonomy":"category","embeddable":true,"href":"https:\/\/www.egemtv.com\/index.php?rest_route=%2Fwp%2Fv2%2Fcategories&post=40446"},{"taxonomy":"post_tag","embeddable":true,"href":"https:\/\/www.egemtv.com\/index.php?rest_route=%2Fwp%2Fv2%2Ftags&post=40446"}],"curies":[{"name":"wp","href":"https:\/\/api.w.org\/{rel}","templated":true}]}}