{"id":40443,"date":"2025-07-07T15:17:26","date_gmt":"2025-07-07T12:17:26","guid":{"rendered":"https:\/\/www.egemtv.com\/?p=40443"},"modified":"2025-07-07T15:17:31","modified_gmt":"2025-07-07T12:17:31","slug":"aydin-buyuksehir-belediyesi-toplu-ulasim-araclarina-siyah-kurdele-asti","status":"publish","type":"post","link":"https:\/\/www.egemtv.com\/?p=40443","title":{"rendered":"Ayd\u0131n B\u00fcy\u00fck\u015fehir Belediyesi toplu ula\u015f\u0131m ara\u00e7lar\u0131na siyah kurdele ast\u0131"},"content":{"rendered":"<p>Pen\u00e7e-Kilit Harekat\u0131 b\u00f6lgesinde 6 Temmuz 2025\u2019te meydana gelen elim olayda \u015fehit olan 12 Mehmet\u00e7ik i\u00e7in Ayd\u0131n B\u00fcy\u00fck\u015fehir Belediyesi \u015fehir genelindeki t\u00fcm toplu ta\u015f\u0131ma ara\u00e7lar\u0131n\u0131n \u00f6n\u00fcne siyah kurdeleler tak\u0131ld\u0131.<\/p>\n<p>Ayd\u0131n B\u00fcy\u00fck\u015fehir Belediyesi de metan gaz\u0131ndan etkilenerek hayat\u0131n\u0131 kaybeden kahraman askerlerin hat\u0131ras\u0131n\u0131 ya\u015fatmak amac\u0131yla \u015fehir i\u00e7i otob\u00fcsleri ve toplu ta\u015f\u0131ma ara\u00e7lar\u0131na siyah kurdele ast\u0131. Ayd\u0131n B\u00fcy\u00fck\u015fehir Belediye Ba\u015fkan\u0131 \u00d6zlem \u00c7er\u00e7io\u011flu, &#8220;Pen\u00e7e-Kilit Harekat\u0131 b\u00f6lgesinde y\u00fcr\u00fct\u00fclen arama-tarama faaliyeti s\u0131ras\u0131nda metan gaz\u0131ndan zehirlenerek \u015fehit olan kahraman askerlerimize Allah\u2019tan rahmet, ailelerine ve yak\u0131nlar\u0131na sab\u0131r, yaral\u0131lar\u0131m\u0131za acil \u015fifalar diliyorum &#8221; dedi.<br \/><\/p>\n","protected":false},"excerpt":{"rendered":"<p>Pen\u00e7e-Kilit Harekat\u0131 b\u00f6lgesinde 6 Temmuz 2025\u2019te meydana gelen elim olayda \u015fehit olan 12 Mehmet\u00e7ik i\u00e7in Ayd\u0131n B\u00fcy\u00fck\u015fehir Belediyesi \u015fehir genelindeki t\u00fcm toplu ta\u015f\u0131ma ara\u00e7lar\u0131n\u0131n \u00f6n\u00fcne siyah kurdeleler tak\u0131ld\u0131. Ayd\u0131n B\u00fcy\u00fck\u015fehir Belediyesi de metan gaz\u0131ndan etkilenerek hayat\u0131n\u0131 kaybeden kahraman askerlerin hat\u0131ras\u0131n\u0131 ya\u015fatmak amac\u0131yla \u015fehir i\u00e7i otob\u00fcsleri ve toplu ta\u015f\u0131ma ara\u00e7lar\u0131na siyah kurdele ast\u0131. Ayd\u0131n B\u00fcy\u00fck\u015fehir Belediye&#8230;<\/p>\n","protected":false},"author":1,"featured_media":40444,"comment_status":"open","ping_status":"open","sticky":false,"template":"","format":"standard","meta":{"_crdt_document":"","footnotes":""},"categories":[1],"tags":[],"class_list":["post-40443","post","type-post","status-publish","format-standard","has-post-thumbnail","hentry","category-guncel"],"_links":{"self":[{"href":"https:\/\/www.egemtv.com\/index.php?rest_route=\/wp\/v2\/posts\/40443","targetHints":{"allow":["GET"]}}],"collection":[{"href":"https:\/\/www.egemtv.com\/index.php?rest_route=\/wp\/v2\/posts"}],"about":[{"href":"https:\/\/www.egemtv.com\/index.php?rest_route=\/wp\/v2\/types\/post"}],"author":[{"embeddable":true,"href":"https:\/\/www.egemtv.com\/index.php?rest_route=\/wp\/v2\/users\/1"}],"replies":[{"embeddable":true,"href":"https:\/\/www.egemtv.com\/index.php?rest_route=%2Fwp%2Fv2%2Fcomments&post=40443"}],"version-history":[{"count":1,"href":"https:\/\/www.egemtv.com\/index.php?rest_route=\/wp\/v2\/posts\/40443\/revisions"}],"predecessor-version":[{"id":40445,"href":"https:\/\/www.egemtv.com\/index.php?rest_route=\/wp\/v2\/posts\/40443\/revisions\/40445"}],"wp:featuredmedia":[{"embeddable":true,"href":"https:\/\/www.egemtv.com\/index.php?rest_route=\/wp\/v2\/media\/40444"}],"wp:attachment":[{"href":"https:\/\/www.egemtv.com\/index.php?rest_route=%2Fwp%2Fv2%2Fmedia&parent=40443"}],"wp:term":[{"taxonomy":"category","embeddable":true,"href":"https:\/\/www.egemtv.com\/index.php?rest_route=%2Fwp%2Fv2%2Fcategories&post=40443"},{"taxonomy":"post_tag","embeddable":true,"href":"https:\/\/www.egemtv.com\/index.php?rest_route=%2Fwp%2Fv2%2Ftags&post=40443"}],"curies":[{"name":"wp","href":"https:\/\/api.w.org\/{rel}","templated":true}]}}