{"id":40440,"date":"2025-07-07T15:17:20","date_gmt":"2025-07-07T12:17:20","guid":{"rendered":"https:\/\/www.egemtv.com\/?p=40440"},"modified":"2025-07-07T15:17:26","modified_gmt":"2025-07-07T12:17:26","slug":"manisada-bir-kisinin-oldugu-silahli-kavganin-goruntuleri-cikti","status":"publish","type":"post","link":"https:\/\/www.egemtv.com\/?p=40440","title":{"rendered":"Manisa\u2019da bir ki\u015finin \u00f6ld\u00fc\u011f\u00fc silahl\u0131 kavgan\u0131n g\u00f6r\u00fcnt\u00fcleri \u00e7\u0131kt\u0131"},"content":{"rendered":"<p>Manisa\u2019n\u0131n \u015eehzadeler il\u00e7esinde bir emlak ofisinde alacak meselesi nedeniyle \u00e7\u0131kan silahl\u0131 kavgada 1 ki\u015fi hayat\u0131n\u0131 kaybederken, 3 ki\u015fi de yaraland\u0131. 4 \u015f\u00fcphelinin tutukland\u0131\u011f\u0131 olay\u0131n g\u00fcvenlik kamera g\u00f6r\u00fcnt\u00fcleri ortaya \u00e7\u0131kt\u0131.<br \/>\n<br \/>Olay, ge\u00e7ti\u011fimiz 1 Temmuz tarihinde saat 23.45 s\u0131ralar\u0131nda 2. Anafartalar Mahallesi 1714 Sokak\u2019taki bir emlak ofisinde meydana geldi. Edinilen bilgilere g\u00f6re, alacak verecek meselesi nedeniyle iki grup aras\u0131nda \u00e7\u0131kan tart\u0131\u015fma k\u0131sa s\u00fcrede silahl\u0131 \u00e7at\u0131\u015fmaya d\u00f6n\u00fc\u015ft\u00fc. Taraflar\u0131n birbirine ate\u015f a\u00e7t\u0131\u011f\u0131 olayda, Yi\u011fit Burdur (37) a\u011f\u0131r yaral\u0131 olarak kald\u0131r\u0131ld\u0131\u011f\u0131 hastanede hayat\u0131n\u0131 kaybetti. B.K. (37) her iki baca\u011f\u0131ndan, Y.K. (37) ve B.C.E. (23) ise ayaklar\u0131ndan yaraland\u0131. Olay sonras\u0131 b\u00f6lgede yap\u0131lan aramalarda 4 adet ruhsats\u0131z tabanca, 189 adet fi\u015fek ve 27 adet uyu\u015fturucu hap ele ge\u00e7irildi. Manisa \u0130l Emniyet M\u00fcd\u00fcrl\u00fc\u011f\u00fc Asayi\u015f \u015eube M\u00fcd\u00fcrl\u00fc\u011f\u00fc Cinayet B\u00fcro Amirli\u011fi ve \u0130stihbarat \u015eube M\u00fcd\u00fcrl\u00fc\u011f\u00fc ekiplerinin y\u00fcr\u00fctt\u00fc\u011f\u00fc \u00e7al\u0131\u015fmalar sonucunda olaya kar\u0131\u015ft\u0131\u011f\u0131 belirlenen 12 \u015f\u00fcpheli g\u00f6zalt\u0131na al\u0131nd\u0131. Emniyetteki i\u015flemleri tamamlanan \u015f\u00fcpheliler, adliyeye sevk edildi. \u015e\u00fcphelilerden Y.K. (37), B.A. (21), S.E.B. (17) ve U.\u00d6. (23) \u00e7\u0131kar\u0131ld\u0131klar\u0131 mahkemece tutuklanarak cezaevine g\u00f6nderilirken, 8 \u015f\u00fcpheli adli kontrol \u015fart\u0131yla serbest b\u0131rak\u0131ld\u0131.<\/p>\n<p>Olay an\u0131 emlak ofisinin g\u00fcvenlik kameras\u0131na yans\u0131d\u0131<br \/>\n<br \/>Silahl\u0131 kavgan\u0131n ya\u015fand\u0131\u011f\u0131 an emlak ofisinin g\u00fcvenlik kameras\u0131na da saniye saniye yans\u0131d\u0131. Kalabal\u0131k bir grup olarak emlak ofisinde bekleyen \u015fah\u0131slar bir anda d\u0131\u015far\u0131dan gelen di\u011fer grupla silahl\u0131 olarak \u00e7at\u0131\u015fmaya ba\u015fl\u0131yor. \u00c7at\u0131\u015fma esnas\u0131nda emlak ofisi kap\u0131s\u0131na y\u00f6nelen Yi\u011fit Burdur, vurularak yere d\u00fc\u015f\u00fcyor. Burdur\u2019un hemen yan\u0131nda bulunan Y.K. da ayaklar\u0131ndan vurularak, Burdur\u2019un \u00fczerine kapan\u0131yor.<br \/><\/p>\n","protected":false},"excerpt":{"rendered":"<p>Manisa\u2019n\u0131n \u015eehzadeler il\u00e7esinde bir emlak ofisinde alacak meselesi nedeniyle \u00e7\u0131kan silahl\u0131 kavgada 1 ki\u015fi hayat\u0131n\u0131 kaybederken, 3 ki\u015fi de yaraland\u0131. 4 \u015f\u00fcphelinin tutukland\u0131\u011f\u0131 olay\u0131n g\u00fcvenlik kamera g\u00f6r\u00fcnt\u00fcleri ortaya \u00e7\u0131kt\u0131. Olay, ge\u00e7ti\u011fimiz 1 Temmuz tarihinde saat 23.45 s\u0131ralar\u0131nda 2. Anafartalar Mahallesi 1714 Sokak\u2019taki bir emlak ofisinde meydana geldi. Edinilen bilgilere g\u00f6re, alacak verecek meselesi nedeniyle iki&#8230;<\/p>\n","protected":false},"author":1,"featured_media":40441,"comment_status":"open","ping_status":"open","sticky":false,"template":"","format":"standard","meta":{"_crdt_document":"","footnotes":""},"categories":[5],"tags":[],"class_list":["post-40440","post","type-post","status-publish","format-standard","has-post-thumbnail","hentry","category-asayis"],"_links":{"self":[{"href":"https:\/\/www.egemtv.com\/index.php?rest_route=\/wp\/v2\/posts\/40440","targetHints":{"allow":["GET"]}}],"collection":[{"href":"https:\/\/www.egemtv.com\/index.php?rest_route=\/wp\/v2\/posts"}],"about":[{"href":"https:\/\/www.egemtv.com\/index.php?rest_route=\/wp\/v2\/types\/post"}],"author":[{"embeddable":true,"href":"https:\/\/www.egemtv.com\/index.php?rest_route=\/wp\/v2\/users\/1"}],"replies":[{"embeddable":true,"href":"https:\/\/www.egemtv.com\/index.php?rest_route=%2Fwp%2Fv2%2Fcomments&post=40440"}],"version-history":[{"count":1,"href":"https:\/\/www.egemtv.com\/index.php?rest_route=\/wp\/v2\/posts\/40440\/revisions"}],"predecessor-version":[{"id":40442,"href":"https:\/\/www.egemtv.com\/index.php?rest_route=\/wp\/v2\/posts\/40440\/revisions\/40442"}],"wp:featuredmedia":[{"embeddable":true,"href":"https:\/\/www.egemtv.com\/index.php?rest_route=\/wp\/v2\/media\/40441"}],"wp:attachment":[{"href":"https:\/\/www.egemtv.com\/index.php?rest_route=%2Fwp%2Fv2%2Fmedia&parent=40440"}],"wp:term":[{"taxonomy":"category","embeddable":true,"href":"https:\/\/www.egemtv.com\/index.php?rest_route=%2Fwp%2Fv2%2Fcategories&post=40440"},{"taxonomy":"post_tag","embeddable":true,"href":"https:\/\/www.egemtv.com\/index.php?rest_route=%2Fwp%2Fv2%2Ftags&post=40440"}],"curies":[{"name":"wp","href":"https:\/\/api.w.org\/{rel}","templated":true}]}}