{"id":40437,"date":"2025-07-07T15:17:10","date_gmt":"2025-07-07T12:17:10","guid":{"rendered":"https:\/\/www.egemtv.com\/?p=40437"},"modified":"2025-07-07T15:17:20","modified_gmt":"2025-07-07T12:17:20","slug":"baskan-koksal-arastan-altyapi-ihtiyaclari-icin-birlik-cagrisi","status":"publish","type":"post","link":"https:\/\/www.egemtv.com\/?p=40437","title":{"rendered":"Ba\u015fkan K\u00f6ksal Aras\u2019tan altyap\u0131 ihtiya\u00e7lar\u0131 i\u00e7in birlik \u00e7a\u011fr\u0131s\u0131"},"content":{"rendered":"<p>Mente\u015fe Belediye Ba\u015fkan\u0131 \u015eehir Planc\u0131s\u0131 Gonca K\u00f6ksal Aras, MUSK\u0130 Genel M\u00fcd\u00fcrl\u00fc\u011f\u00fc taraf\u0131ndan T\u00fcrkan Saylan \u00c7a\u011fda\u015f Ya\u015fam Merkezinde d\u00fczenlenen \u2018Kat\u0131l\u0131mc\u0131 B\u00fct\u00e7e Toplant\u0131s\u0131\u2019nda iktidar milletvekillerine birlik \u00e7a\u011fr\u0131s\u0131nda bulundu.<br \/>\n<br \/>Mente\u015fe\u2019nin altyap\u0131 sorunlar\u0131na dikkat \u00e7eken Ba\u015fkan K\u00f6ksal Aras, Cumhurba\u015fkanl\u0131\u011f\u0131nda onay bekleyen kredi taleplerinin bir an \u00f6nce kar\u015f\u0131lanmas\u0131 i\u00e7in mahalle muhtarlar\u0131n\u0131n bu konuya sahiplenmesini ve iktidar milletvekillerine de halk\u0131n yarar\u0131na yap\u0131lacak yat\u0131r\u0131mlarda kullan\u0131lacak olan paran\u0131n onaylanmas\u0131 i\u00e7in birlik \u00e7a\u011fr\u0131s\u0131nda bulundu.<br \/>\n<br \/>Ba\u015fkan K\u00f6ksal Aras, &#8220;Ge\u00e7mi\u015f d\u00f6nemde Frans\u0131z Kalk\u0131nma Ajans\u0131\u2019ndan bulunan \u00f6nemli bir kredi yakla\u015f\u0131k d\u00f6rt y\u0131ld\u0131r Say\u0131n Cumhurba\u015fkan\u0131m\u0131z taraf\u0131ndan onaylanmas\u0131 bekleniyor. Yeni d\u00f6nemde MUSK\u0130 taraf\u0131ndan ba\u015fka bir uluslararas\u0131 bir kalk\u0131nma kurulu\u015fundan sa\u011flanan kredinin de ayn\u0131 \u015fekilde onay s\u00fcrecinde bekletiliyor&#8221; dedi.<br \/>\n<br \/>&#8220;Kredi onaylar\u0131, sadece bir kurumun de\u011fil, t\u00fcm Mu\u011fla\u2019n\u0131n meselesidir&#8221; diyen Mente\u015fe Belediye Ba\u015fkan\u0131 Gonca K\u00f6ksal Aras, bu s\u00fcre\u00e7te muhtarlar, iktidar partisi milletvekilleri ve ilgili t\u00fcm kurumlar\u0131n daha g\u00fc\u00e7l\u00fc bir \u015fekilde s\u00fcreci sahiplenmesi gerekti\u011fini vurgulad\u0131.<br \/>\n<br \/>MUSK\u0130\u2019nin imkanlar\u0131 dahilinde temiz i\u00e7me suyu temini, at\u0131k su y\u00f6netimi ve \u00e7evresel temizlik gibi bir\u00e7ok alanda b\u00fcy\u00fck sorumluluk ta\u015f\u0131d\u0131\u011f\u0131n\u0131 belirten K\u00f6ksal Aras, kuruma y\u00f6nelik sosyal medyada y\u00fcr\u00fct\u00fclen itibars\u0131zla\u015ft\u0131rma kampanyalar\u0131n\u0131 da ele\u015ftirdi. \u00d6zellikle, Genel M\u00fcd\u00fcrl\u00fck binas\u0131yla ilgili as\u0131ls\u0131z rakamlarla kamuoyunun yan\u0131lt\u0131ld\u0131\u011f\u0131n\u0131 ifade etti. Ba\u015fkan K\u00f6ksal Aras, &#8220;MUSK\u0130 gibi kritik bir altyap\u0131 kurumunu bu t\u00fcr s\u00f6ylentilerle hedef almak, Mu\u011fla\u2019ya zarar vermektir. Bu kurumlar bize hizmet ediyor, biz de sahip \u00e7\u0131kmak zorunday\u0131z&#8221; dedi.<br \/>\n<br \/>Mu\u011fla Su Kanalizasyon \u0130daresi (MUSK\u0130) Genel M\u00fcd\u00fcrl\u00fc\u011f\u00fc taraf\u0131ndan \u00f6n\u00fcm\u00fczdeki d\u00f6nem i\u00e7in Mente\u015fe il\u00e7esi i\u00e7in ayr\u0131lan 487 milyon 291 bin 692 TL\u2019lik \u00f6dene\u011fin bir\u00e7ok mahallenin ihtiyac\u0131n\u0131 kar\u015f\u0131lamaya yeterli olmad\u0131\u011f\u0131n\u0131 da dile getiren K\u00f6ksal Aras, \u00f6zellikle Ortak\u00f6y, Yenik\u00f6y ve Bay\u0131r gibi mahallelerde acil asfalt ve altyap\u0131 yat\u0131r\u0131mlar\u0131na ihtiya\u00e7 oldu\u011funu s\u00f6yledi.<br \/><\/p>\n","protected":false},"excerpt":{"rendered":"<p>Mente\u015fe Belediye Ba\u015fkan\u0131 \u015eehir Planc\u0131s\u0131 Gonca K\u00f6ksal Aras, MUSK\u0130 Genel M\u00fcd\u00fcrl\u00fc\u011f\u00fc taraf\u0131ndan T\u00fcrkan Saylan \u00c7a\u011fda\u015f Ya\u015fam Merkezinde d\u00fczenlenen \u2018Kat\u0131l\u0131mc\u0131 B\u00fct\u00e7e Toplant\u0131s\u0131\u2019nda iktidar milletvekillerine birlik \u00e7a\u011fr\u0131s\u0131nda bulundu. Mente\u015fe\u2019nin altyap\u0131 sorunlar\u0131na dikkat \u00e7eken Ba\u015fkan K\u00f6ksal Aras, Cumhurba\u015fkanl\u0131\u011f\u0131nda onay bekleyen kredi taleplerinin bir an \u00f6nce kar\u015f\u0131lanmas\u0131 i\u00e7in mahalle muhtarlar\u0131n\u0131n bu konuya sahiplenmesini ve iktidar milletvekillerine de halk\u0131n yarar\u0131na&#8230;<\/p>\n","protected":false},"author":1,"featured_media":40438,"comment_status":"open","ping_status":"open","sticky":false,"template":"","format":"standard","meta":{"_crdt_document":"","footnotes":""},"categories":[127],"tags":[],"class_list":["post-40437","post","type-post","status-publish","format-standard","has-post-thumbnail","hentry","category-siyaset"],"_links":{"self":[{"href":"https:\/\/www.egemtv.com\/index.php?rest_route=\/wp\/v2\/posts\/40437","targetHints":{"allow":["GET"]}}],"collection":[{"href":"https:\/\/www.egemtv.com\/index.php?rest_route=\/wp\/v2\/posts"}],"about":[{"href":"https:\/\/www.egemtv.com\/index.php?rest_route=\/wp\/v2\/types\/post"}],"author":[{"embeddable":true,"href":"https:\/\/www.egemtv.com\/index.php?rest_route=\/wp\/v2\/users\/1"}],"replies":[{"embeddable":true,"href":"https:\/\/www.egemtv.com\/index.php?rest_route=%2Fwp%2Fv2%2Fcomments&post=40437"}],"version-history":[{"count":1,"href":"https:\/\/www.egemtv.com\/index.php?rest_route=\/wp\/v2\/posts\/40437\/revisions"}],"predecessor-version":[{"id":40439,"href":"https:\/\/www.egemtv.com\/index.php?rest_route=\/wp\/v2\/posts\/40437\/revisions\/40439"}],"wp:featuredmedia":[{"embeddable":true,"href":"https:\/\/www.egemtv.com\/index.php?rest_route=\/wp\/v2\/media\/40438"}],"wp:attachment":[{"href":"https:\/\/www.egemtv.com\/index.php?rest_route=%2Fwp%2Fv2%2Fmedia&parent=40437"}],"wp:term":[{"taxonomy":"category","embeddable":true,"href":"https:\/\/www.egemtv.com\/index.php?rest_route=%2Fwp%2Fv2%2Fcategories&post=40437"},{"taxonomy":"post_tag","embeddable":true,"href":"https:\/\/www.egemtv.com\/index.php?rest_route=%2Fwp%2Fv2%2Ftags&post=40437"}],"curies":[{"name":"wp","href":"https:\/\/api.w.org\/{rel}","templated":true}]}}