{"id":40434,"date":"2025-07-07T15:17:04","date_gmt":"2025-07-07T12:17:04","guid":{"rendered":"https:\/\/www.egemtv.com\/?p=40434"},"modified":"2025-07-07T15:17:10","modified_gmt":"2025-07-07T12:17:10","slug":"polis-piknikcileri-yanginlar-konusunda-uyardi","status":"publish","type":"post","link":"https:\/\/www.egemtv.com\/?p=40434","title":{"rendered":"Polis piknik\u00e7ileri yang\u0131nlar konusunda uyard\u0131"},"content":{"rendered":"<p>Afyonkarahisar\u2019da polis ekipleri piknik yapan ki\u015fileri ziyaret ederek orman yang\u0131nlar\u0131 konusunda bro\u015f\u00fcr da\u011f\u0131t\u0131p bilgilendirdi.<br \/>\n<br \/>Ger\u00e7ekle\u015ftirilen faaliyetle ilgili \u0130l Emniyet M\u00fcd\u00fcrl\u00fc\u011f\u00fcnden yap\u0131lan yaz\u0131l\u0131 a\u00e7\u0131klamada, &#8220;Emniyet m\u00fcd\u00fcrl\u00fc\u011f\u00fc g\u00f6revlilerimizce, H\u0131d\u0131rl\u0131k ve Kent Orman\u0131 mesire alanlar\u0131nda piknik yapan vatanda\u015flar\u0131m\u0131za y\u00f6nelik, s\u0131cakl\u0131klar\u0131n art\u0131\u015f g\u00f6sterdi\u011fi \u015fu g\u00fcnlerde \u00e7\u0131kabilecek olas\u0131 yang\u0131nlara kar\u015f\u0131 dikkat etmeleri gereken hususlar konusunda uyar\u0131larda bulunuldu.<br \/>\n<br \/>Ekipler ayr\u0131ca vatanda\u015flar\u0131 bu konuda duyarl\u0131 ve tedbirli olmalar\u0131 noktas\u0131nda bilgilendirdi&#8221; ifadelerine yer verildi.<br \/><\/p>\n","protected":false},"excerpt":{"rendered":"<p>Afyonkarahisar\u2019da polis ekipleri piknik yapan ki\u015fileri ziyaret ederek orman yang\u0131nlar\u0131 konusunda bro\u015f\u00fcr da\u011f\u0131t\u0131p bilgilendirdi. Ger\u00e7ekle\u015ftirilen faaliyetle ilgili \u0130l Emniyet M\u00fcd\u00fcrl\u00fc\u011f\u00fcnden yap\u0131lan yaz\u0131l\u0131 a\u00e7\u0131klamada, &#8220;Emniyet m\u00fcd\u00fcrl\u00fc\u011f\u00fc g\u00f6revlilerimizce, H\u0131d\u0131rl\u0131k ve Kent Orman\u0131 mesire alanlar\u0131nda piknik yapan vatanda\u015flar\u0131m\u0131za y\u00f6nelik, s\u0131cakl\u0131klar\u0131n art\u0131\u015f g\u00f6sterdi\u011fi \u015fu g\u00fcnlerde \u00e7\u0131kabilecek olas\u0131 yang\u0131nlara kar\u015f\u0131 dikkat etmeleri gereken hususlar konusunda uyar\u0131larda bulunuldu. Ekipler ayr\u0131ca vatanda\u015flar\u0131&#8230;<\/p>\n","protected":false},"author":1,"featured_media":40435,"comment_status":"open","ping_status":"open","sticky":false,"template":"","format":"standard","meta":{"_crdt_document":"","footnotes":""},"categories":[5],"tags":[],"class_list":["post-40434","post","type-post","status-publish","format-standard","has-post-thumbnail","hentry","category-asayis"],"_links":{"self":[{"href":"https:\/\/www.egemtv.com\/index.php?rest_route=\/wp\/v2\/posts\/40434","targetHints":{"allow":["GET"]}}],"collection":[{"href":"https:\/\/www.egemtv.com\/index.php?rest_route=\/wp\/v2\/posts"}],"about":[{"href":"https:\/\/www.egemtv.com\/index.php?rest_route=\/wp\/v2\/types\/post"}],"author":[{"embeddable":true,"href":"https:\/\/www.egemtv.com\/index.php?rest_route=\/wp\/v2\/users\/1"}],"replies":[{"embeddable":true,"href":"https:\/\/www.egemtv.com\/index.php?rest_route=%2Fwp%2Fv2%2Fcomments&post=40434"}],"version-history":[{"count":1,"href":"https:\/\/www.egemtv.com\/index.php?rest_route=\/wp\/v2\/posts\/40434\/revisions"}],"predecessor-version":[{"id":40436,"href":"https:\/\/www.egemtv.com\/index.php?rest_route=\/wp\/v2\/posts\/40434\/revisions\/40436"}],"wp:featuredmedia":[{"embeddable":true,"href":"https:\/\/www.egemtv.com\/index.php?rest_route=\/wp\/v2\/media\/40435"}],"wp:attachment":[{"href":"https:\/\/www.egemtv.com\/index.php?rest_route=%2Fwp%2Fv2%2Fmedia&parent=40434"}],"wp:term":[{"taxonomy":"category","embeddable":true,"href":"https:\/\/www.egemtv.com\/index.php?rest_route=%2Fwp%2Fv2%2Fcategories&post=40434"},{"taxonomy":"post_tag","embeddable":true,"href":"https:\/\/www.egemtv.com\/index.php?rest_route=%2Fwp%2Fv2%2Ftags&post=40434"}],"curies":[{"name":"wp","href":"https:\/\/api.w.org\/{rel}","templated":true}]}}