{"id":40428,"date":"2025-07-07T14:55:59","date_gmt":"2025-07-07T11:55:59","guid":{"rendered":"https:\/\/www.egemtv.com\/?p=40428"},"modified":"2025-07-07T14:56:04","modified_gmt":"2025-07-07T11:56:04","slug":"focada-gezi-rotasi-once-copluk-sonra-deniz","status":"publish","type":"post","link":"https:\/\/www.egemtv.com\/?p=40428","title":{"rendered":"Fo\u00e7a\u2019da gezi rotas\u0131 \u00f6nce \u00e7\u00f6pl\u00fck sonra deniz"},"content":{"rendered":"<p>\u0130zmir\u2019in Fo\u00e7a il\u00e7esinde Oru\u00e7 Reis Caddesi \u00fczerindeki araziye moloz ve belediyenin geli\u015fi g\u00fczel \u00e7\u00f6p d\u00f6kmesi koku ve \u00e7evre kirlili\u011fine neden oluyor. Durumdan rahats\u0131z olan semt sakinleri ve tatilciler, bu g\u00f6r\u00fcnt\u00fclerin Fo\u00e7a\u2019ya yak\u0131\u015fmad\u0131\u011f\u0131n\u0131 belirterek, belediyeden soruna kal\u0131c\u0131 \u00e7\u00f6z\u00fcm bulmas\u0131n\u0131 istiyor.<br \/>\n<br \/>Ge\u00e7ti\u011fimiz y\u0131l Ekim ay\u0131nda, bir hafta \u00f6nce de Buca\u2019da \u00e7\u00f6pl\u00fckte ba\u015flayan yang\u0131nlar\u0131n ormanl\u0131k alana s\u0131\u00e7ramas\u0131 baz\u0131 belediyelere ders olmuyor. En son Buca il\u00e7esinde Ayd\u0131n Hat Boyu Caddesi\u2019nde yakla\u015f\u0131k 2 ayd\u0131r toplanmayan ve kilometrelerce uzanan \u00e7\u00f6p ve at\u0131klar\u0131n bulundu\u011fu alanda yang\u0131n \u00e7\u0131kt\u0131. Kentin g\u00f6be\u011finde b\u00fcy\u00fck korku ve panik ya\u015fan\u0131rken, yak\u0131ndaki sanayi esnaf\u0131 ve mahalle sakinleri b\u00fcy\u00fck bir felaketin e\u015fi\u011finden d\u00f6nd\u00fc.<br \/>\n<br \/>Bu ac\u0131 \u00f6rneklere ra\u011fmen turizm b\u00f6lgesi Fo\u00e7a\u2019da \u00fcstelik \u015fehir merkezinde bo\u015f bir alana evsel at\u0131klar ve molozlar geli\u015fi g\u00fczel at\u0131lmaya devam ediyor. \u00c7\u00f6plerin Fo\u00e7a Belediyesi eliyle d\u00f6k\u00fclmesi, olay\u0131 daha da vahim k\u0131l\u0131yor. Oru\u00e7 Reis Caddesi \u00fczerindeki \u00e7\u00f6pl\u00fck olarak kullan\u0131lan arazi, koku ve \u00e7evre kirlili\u011fi ile rahats\u0131zl\u0131k verirken muhtemel yang\u0131nlara kar\u015f\u0131 da risk olu\u015fturuyor.<br \/>\n<br \/>Ge\u00e7en y\u0131l A\u011fustos ay\u0131nda sosyal medyada \u00e7ok\u00e7a payla\u015f\u0131lan \u00e7\u00f6pl\u00fck, d\u00f6nemin AK Parti Fo\u00e7a \u0130l\u00e7e Ba\u015fkan\u0131 \u00dcmit Arslan taraf\u0131ndan da g\u00fcndeme getirilmi\u015f, &#8220;Belediye Ba\u015fkan\u0131 Saniye Bora F\u0131\u00e7\u0131 se\u00e7imlerden \u00f6nce \u2019\u00c7i\u00e7ek gibi Fo\u00e7a olacak\u2019 diyordu. \u00c7i\u00e7ek gibi Fo\u00e7a buras\u0131 m\u0131?&#8221; diye tepki g\u00f6stermi\u015fti.<br \/>\n<br \/>Semt sakinleri ve tatilciler, bu \u00e7a\u011fda Hindistan\u2019\u0131 and\u0131ran \u00e7\u00f6p g\u00f6r\u00fcnt\u00fclerinin ne Fo\u00e7a\u2019ya ne de \u0130zmir\u2019e yak\u0131\u015fmad\u0131\u011f\u0131n\u0131 ifade ederek, geli\u015fmi\u015f kentler \u00e7\u00f6p sorununa nas\u0131l \u00e7\u00f6z\u00fcm bulduysa \u0130zmir\u2019in her noktas\u0131nda ayn\u0131 tedbirlerin al\u0131nmas\u0131 gerekti\u011fini belirtiyor.<br \/><\/p>\n","protected":false},"excerpt":{"rendered":"<p>\u0130zmir\u2019in Fo\u00e7a il\u00e7esinde Oru\u00e7 Reis Caddesi \u00fczerindeki araziye moloz ve belediyenin geli\u015fi g\u00fczel \u00e7\u00f6p d\u00f6kmesi koku ve \u00e7evre kirlili\u011fine neden oluyor. Durumdan rahats\u0131z olan semt sakinleri ve tatilciler, bu g\u00f6r\u00fcnt\u00fclerin Fo\u00e7a\u2019ya yak\u0131\u015fmad\u0131\u011f\u0131n\u0131 belirterek, belediyeden soruna kal\u0131c\u0131 \u00e7\u00f6z\u00fcm bulmas\u0131n\u0131 istiyor. Ge\u00e7ti\u011fimiz y\u0131l Ekim ay\u0131nda, bir hafta \u00f6nce de Buca\u2019da \u00e7\u00f6pl\u00fckte ba\u015flayan yang\u0131nlar\u0131n ormanl\u0131k alana s\u0131\u00e7ramas\u0131 baz\u0131&#8230;<\/p>\n","protected":false},"author":1,"featured_media":40429,"comment_status":"open","ping_status":"open","sticky":false,"template":"","format":"standard","meta":{"_crdt_document":"","footnotes":""},"categories":[5],"tags":[],"class_list":["post-40428","post","type-post","status-publish","format-standard","has-post-thumbnail","hentry","category-asayis"],"_links":{"self":[{"href":"https:\/\/www.egemtv.com\/index.php?rest_route=\/wp\/v2\/posts\/40428","targetHints":{"allow":["GET"]}}],"collection":[{"href":"https:\/\/www.egemtv.com\/index.php?rest_route=\/wp\/v2\/posts"}],"about":[{"href":"https:\/\/www.egemtv.com\/index.php?rest_route=\/wp\/v2\/types\/post"}],"author":[{"embeddable":true,"href":"https:\/\/www.egemtv.com\/index.php?rest_route=\/wp\/v2\/users\/1"}],"replies":[{"embeddable":true,"href":"https:\/\/www.egemtv.com\/index.php?rest_route=%2Fwp%2Fv2%2Fcomments&post=40428"}],"version-history":[{"count":1,"href":"https:\/\/www.egemtv.com\/index.php?rest_route=\/wp\/v2\/posts\/40428\/revisions"}],"predecessor-version":[{"id":40430,"href":"https:\/\/www.egemtv.com\/index.php?rest_route=\/wp\/v2\/posts\/40428\/revisions\/40430"}],"wp:featuredmedia":[{"embeddable":true,"href":"https:\/\/www.egemtv.com\/index.php?rest_route=\/wp\/v2\/media\/40429"}],"wp:attachment":[{"href":"https:\/\/www.egemtv.com\/index.php?rest_route=%2Fwp%2Fv2%2Fmedia&parent=40428"}],"wp:term":[{"taxonomy":"category","embeddable":true,"href":"https:\/\/www.egemtv.com\/index.php?rest_route=%2Fwp%2Fv2%2Fcategories&post=40428"},{"taxonomy":"post_tag","embeddable":true,"href":"https:\/\/www.egemtv.com\/index.php?rest_route=%2Fwp%2Fv2%2Ftags&post=40428"}],"curies":[{"name":"wp","href":"https:\/\/api.w.org\/{rel}","templated":true}]}}