{"id":40425,"date":"2025-07-07T14:37:28","date_gmt":"2025-07-07T11:37:28","guid":{"rendered":"https:\/\/www.egemtv.com\/?p=40425"},"modified":"2025-07-07T14:37:33","modified_gmt":"2025-07-07T11:37:33","slug":"incirliova-kaymakami-abay-goreve-basladi","status":"publish","type":"post","link":"https:\/\/www.egemtv.com\/?p=40425","title":{"rendered":"\u0130ncirliova Kaymakam\u0131 Abay g\u00f6reve ba\u015flad\u0131"},"content":{"rendered":"<p>Ayd\u0131n\u2019a atanan \u0130ncirliova Kaymakam\u0131 \u0130lhan Abay, g\u00f6reve ba\u015flad\u0131.<\/p>\n<p>Resmi Gazete\u2019de yay\u0131mlanan atama karar\u0131yla Kayseri Kocasinan Kaymakam\u0131 \u0130lhan Abay, Ayd\u0131n\u2019\u0131n \u0130ncirliova Kaymakam\u0131 olarak atand\u0131. Abay, g\u00f6rev yerinde yapt\u0131\u011f\u0131 veda ziyaretinin ard\u0131ndan bug\u00fcn itibari ile \u0130ncirliova\u2019da ziyarete ba\u015flad\u0131. \u0130ncirliova Belediye Ba\u015fkan\u0131 Aytekin Kaya, Belediye Ba\u015fkan Yard\u0131mc\u0131lar\u0131 \u00c7etin Bayatl\u0131, Metin Korucu, Polat Tanr\u0131kulu, \u0130ncirliova \u0130l\u00e7e Emniyet M\u00fcd\u00fcr\u00fc Taner Emre, \u0130l\u00e7e Jandarma Komutan\u0131 M\u00fcsl\u00fcm G\u00fc\u00e7tekin, AK Parti \u0130ncirliova \u0130l\u00e7e Ba\u015fkan\u0131 Mehmet Y\u00fczba\u015f\u0131o\u011flu, MHP \u0130ncirliova \u0130l\u00e7e Ba\u015fkan\u0131 Ercan \u00d6zdemir, yene g\u00f6reve ba\u015flayan Kaymakam Abay\u2019\u0131 kar\u015f\u0131lay\u0131p hay\u0131rl\u0131 olsun ziyaretinde bulundu. Ba\u015fkan Kaya, Kaymakam Abay\u2019a \u00e7i\u00e7ek takdim etti.<\/p>\n<p>Kaymakam\u0131 kar\u015f\u0131layan Ba\u015fkan Kaya, &#8220;Kaymakam\u0131m\u0131za hay\u0131rl\u0131 olsun dileklerimi iletiyor, il\u00e7emize hay\u0131rl\u0131 hizmetlerde bulunaca\u011f\u0131na olan inanc\u0131mla yeni g\u00f6revinde ba\u015far\u0131lar temenni ediyorum&#8221; dedi.<br \/><\/p>\n","protected":false},"excerpt":{"rendered":"<p>Ayd\u0131n\u2019a atanan \u0130ncirliova Kaymakam\u0131 \u0130lhan Abay, g\u00f6reve ba\u015flad\u0131. Resmi Gazete\u2019de yay\u0131mlanan atama karar\u0131yla Kayseri Kocasinan Kaymakam\u0131 \u0130lhan Abay, Ayd\u0131n\u2019\u0131n \u0130ncirliova Kaymakam\u0131 olarak atand\u0131. Abay, g\u00f6rev yerinde yapt\u0131\u011f\u0131 veda ziyaretinin ard\u0131ndan bug\u00fcn itibari ile \u0130ncirliova\u2019da ziyarete ba\u015flad\u0131. \u0130ncirliova Belediye Ba\u015fkan\u0131 Aytekin Kaya, Belediye Ba\u015fkan Yard\u0131mc\u0131lar\u0131 \u00c7etin Bayatl\u0131, Metin Korucu, Polat Tanr\u0131kulu, \u0130ncirliova \u0130l\u00e7e Emniyet M\u00fcd\u00fcr\u00fc Taner&#8230;<\/p>\n","protected":false},"author":1,"featured_media":40426,"comment_status":"open","ping_status":"open","sticky":false,"template":"","format":"standard","meta":{"_crdt_document":"","footnotes":""},"categories":[1],"tags":[],"class_list":["post-40425","post","type-post","status-publish","format-standard","has-post-thumbnail","hentry","category-guncel"],"_links":{"self":[{"href":"https:\/\/www.egemtv.com\/index.php?rest_route=\/wp\/v2\/posts\/40425","targetHints":{"allow":["GET"]}}],"collection":[{"href":"https:\/\/www.egemtv.com\/index.php?rest_route=\/wp\/v2\/posts"}],"about":[{"href":"https:\/\/www.egemtv.com\/index.php?rest_route=\/wp\/v2\/types\/post"}],"author":[{"embeddable":true,"href":"https:\/\/www.egemtv.com\/index.php?rest_route=\/wp\/v2\/users\/1"}],"replies":[{"embeddable":true,"href":"https:\/\/www.egemtv.com\/index.php?rest_route=%2Fwp%2Fv2%2Fcomments&post=40425"}],"version-history":[{"count":1,"href":"https:\/\/www.egemtv.com\/index.php?rest_route=\/wp\/v2\/posts\/40425\/revisions"}],"predecessor-version":[{"id":40427,"href":"https:\/\/www.egemtv.com\/index.php?rest_route=\/wp\/v2\/posts\/40425\/revisions\/40427"}],"wp:featuredmedia":[{"embeddable":true,"href":"https:\/\/www.egemtv.com\/index.php?rest_route=\/wp\/v2\/media\/40426"}],"wp:attachment":[{"href":"https:\/\/www.egemtv.com\/index.php?rest_route=%2Fwp%2Fv2%2Fmedia&parent=40425"}],"wp:term":[{"taxonomy":"category","embeddable":true,"href":"https:\/\/www.egemtv.com\/index.php?rest_route=%2Fwp%2Fv2%2Fcategories&post=40425"},{"taxonomy":"post_tag","embeddable":true,"href":"https:\/\/www.egemtv.com\/index.php?rest_route=%2Fwp%2Fv2%2Ftags&post=40425"}],"curies":[{"name":"wp","href":"https:\/\/api.w.org\/{rel}","templated":true}]}}