{"id":40422,"date":"2025-07-07T14:37:22","date_gmt":"2025-07-07T11:37:22","guid":{"rendered":"https:\/\/www.egemtv.com\/?p=40422"},"modified":"2025-07-07T14:37:28","modified_gmt":"2025-07-07T11:37:28","slug":"sokespor-27-yil-sonra-yeniden-3-ligde-mucadele-edecek","status":"publish","type":"post","link":"https:\/\/www.egemtv.com\/?p=40422","title":{"rendered":"S\u00f6kespor, 27 y\u0131l sonra yeniden 3. Lig\u2019de m\u00fccadele edecek"},"content":{"rendered":"<p>Ayd\u0131n\u2019\u0131n k\u00f6kl\u00fc futbol gelene\u011fine sahip kul\u00fcplerinden S\u00f6kespor, tam 27 y\u0131l sonra yeniden profesyonel lige d\u00f6n\u00fcyor. T\u00fcrkiye Futbol Federasyonu (TFF) 3. Lig ekiplerinden Efeler 09 FK, isim de\u011fi\u015fikli\u011fiyle birlikte gelecek sezondan itibaren &#8220;Yeni S\u00f6kespor&#8221; ad\u0131yla sahalara \u00e7\u0131kacak.<\/p>\n<p>Son olarak 1997-1998 sezonunda profesyonel ligde yer alan S\u00f6kespor, yeniden ait oldu\u011fu yere d\u00f6n\u00fcyor. Gen\u00e7lik Spor \u0130l M\u00fcd\u00fcrl\u00fc\u011f\u00fc\u2019ne ba\u015fvuru yap\u0131l\u0131rken; TFF\u2019ye yap\u0131lan ba\u015fvurunun da k\u0131sa s\u00fcrede resmiyet kazanmas\u0131 bekleniyor. K\u0131rm\u0131z\u0131-lacivertli ekip Kar\u015f\u0131yaka, Altay, Eski\u015fehirspor ve Bal\u0131kesirspor gibi T\u00fcrk futbolunun dev tak\u0131mlar\u0131yla ayn\u0131 grupta yer alacak.<\/p>\n<p>Ba\u015fkan Ar\u0131kan\u2019dan tarihi destek<br \/>\n<br \/>Bu tarihi d\u00f6n\u00fc\u015f\u00fcn \u00f6nc\u00fcs\u00fc S\u00f6ke Belediye Ba\u015fkan\u0131 Dr. Mustafa \u0130berya Ar\u0131kan, Efeler 09 FK y\u00f6netimini makam\u0131nda a\u011f\u0131rlad\u0131. Ba\u015fkan Ar\u0131kan, Kul\u00fcp Ba\u015fkan\u0131 Mahmut G\u00f6z\u00fca\u00e7\u0131k, Asba\u015fkan H\u00fcseyin K\u0131yak, Futbol Direkt\u00f6r\u00fc Serdar Sabuncu, Tak\u0131m Kaptan\u0131 An\u0131l Ta\u015fdemir ve Menajer \u00d6mer Bedio\u011flu ile bir araya geldi. Ba\u015fkan Ar\u0131kan, &#8220;S\u00f6kespor yaln\u0131zca sahalara d\u00f6nm\u00fcyor, taraftar\u0131n y\u00fcre\u011fine, bu kentin kalbine d\u00f6n\u00fcyor. K\u0131sa vadeli de\u011fil, uzun soluklu bir planlamayla b\u00fcy\u00fck ba\u015far\u0131lar\u0131n kap\u0131s\u0131n\u0131 aralayaca\u011f\u0131z. Kar\u015f\u0131yaka, Eski\u015fehir, Altay gibi kul\u00fcpleri a\u011f\u0131rlay\u0131p il\u00e7emizde futbol \u015f\u00f6leni ya\u015fatman\u0131n yan\u0131nda, S\u00f6ke ekonomisine de b\u00fcy\u00fck katk\u0131 sunacak. Yak\u0131n zamanda S\u00f6kespor yeni stad\u0131nda seyircisi ile yeni ve b\u00fcy\u00fck hedeflerle bulu\u015facak. S\u00f6kemize ve b\u00fcy\u00fck S\u00f6kespor taraftar\u0131na hay\u0131rl\u0131 olsun&#8221; dedi.<\/p>\n<p>&#8220;S\u00f6kespor k\u00fcllerinden do\u011facak&#8221;<br \/>\n<br \/>Kul\u00fcp Ba\u015fkan\u0131 Mahmut G\u00f6z\u00fca\u00e7\u0131k ise &#8220;S\u00f6kespor art\u0131k profesyonel ligde. Belediye Ba\u015fkan\u0131m\u0131z Say\u0131n Mustafa \u0130berya Ar\u0131kan\u2019\u0131n vizyonu ve deste\u011fiyle sadece A tak\u0131m\u0131 de\u011fil, altyap\u0131s\u0131yla da \u00f6rnek bir kul\u00fcp olu\u015fturaca\u011f\u0131z. S\u00f6ke\u2019nin gen\u00e7lerine umut olacak, futbola g\u00f6n\u00fcl veren \u00e7ocuklar\u0131m\u0131z\u0131n hayallerine dokunaca\u011f\u0131z. \u0130l\u00e7ede herkes yeniden S\u00f6kesporlu olacak&#8221; dedi.<\/p>\n<p>&#8220;An\u0131l Ta\u015fdemir kaptan olarak dD\u00f6n\u00fcyor&#8221;<br \/>\n<br \/>G\u00f6ztepe, Trabzonspor, Adana Demirspor, Denizlispor gibi tak\u0131mlarda forma giyen, S\u00f6keli futbolcu An\u0131l Ta\u015fdemir, futbola ba\u015flad\u0131\u011f\u0131 kul\u00fcbe d\u00f6n\u00fcyor. Yeni S\u00f6kespor\u2019un ilk ve en dikkat \u00e7eken transferi olan An\u0131l, kaptanl\u0131k g\u00f6revini de \u00fcstlenecek. Kaptan An\u0131l; &#8220;Yeniden futbola ba\u015flad\u0131\u011f\u0131m S\u00f6kespor\u2019da olmak ve de\u011fi\u015fimde rol oynamak benim i\u00e7in gurur verici. S\u00f6ke Belediye Ba\u015fkan\u0131m\u0131z Say\u0131n Ar\u0131kan\u2019\u0131n vizyonuna, y\u00f6netimimizin heyecan\u0131na ve taraftar\u0131m\u0131z\u0131n g\u00fcc\u00fcne inan\u0131yorum&#8221; dedi.<\/p>\n<p>Yeni ismi, g\u00fc\u00e7l\u00fc kadrosu ve yepyeni vizyonuyla Yeni S\u00f6kespor, S\u00f6ke\u2019nin y\u0131llard\u0131r \u00f6zlemini duydu\u011fu futbol heyecan\u0131n\u0131 yeniden ya\u015fatacak. \u0130l\u00e7e halk\u0131, taraftarlar ve futbol camias\u0131 \u015fimdi 2025-2026 sezonunu b\u00fcy\u00fck bir heyecanla bekliyor.<br \/><\/p>\n","protected":false},"excerpt":{"rendered":"<p>Ayd\u0131n\u2019\u0131n k\u00f6kl\u00fc futbol gelene\u011fine sahip kul\u00fcplerinden S\u00f6kespor, tam 27 y\u0131l sonra yeniden profesyonel lige d\u00f6n\u00fcyor. T\u00fcrkiye Futbol Federasyonu (TFF) 3. Lig ekiplerinden Efeler 09 FK, isim de\u011fi\u015fikli\u011fiyle birlikte gelecek sezondan itibaren &#8220;Yeni S\u00f6kespor&#8221; ad\u0131yla sahalara \u00e7\u0131kacak. Son olarak 1997-1998 sezonunda profesyonel ligde yer alan S\u00f6kespor, yeniden ait oldu\u011fu yere d\u00f6n\u00fcyor. Gen\u00e7lik Spor \u0130l M\u00fcd\u00fcrl\u00fc\u011f\u00fc\u2019ne ba\u015fvuru&#8230;<\/p>\n","protected":false},"author":1,"featured_media":40423,"comment_status":"open","ping_status":"open","sticky":false,"template":"","format":"standard","meta":{"_crdt_document":"","footnotes":""},"categories":[4],"tags":[],"class_list":["post-40422","post","type-post","status-publish","format-standard","has-post-thumbnail","hentry","category-spor"],"_links":{"self":[{"href":"https:\/\/www.egemtv.com\/index.php?rest_route=\/wp\/v2\/posts\/40422","targetHints":{"allow":["GET"]}}],"collection":[{"href":"https:\/\/www.egemtv.com\/index.php?rest_route=\/wp\/v2\/posts"}],"about":[{"href":"https:\/\/www.egemtv.com\/index.php?rest_route=\/wp\/v2\/types\/post"}],"author":[{"embeddable":true,"href":"https:\/\/www.egemtv.com\/index.php?rest_route=\/wp\/v2\/users\/1"}],"replies":[{"embeddable":true,"href":"https:\/\/www.egemtv.com\/index.php?rest_route=%2Fwp%2Fv2%2Fcomments&post=40422"}],"version-history":[{"count":1,"href":"https:\/\/www.egemtv.com\/index.php?rest_route=\/wp\/v2\/posts\/40422\/revisions"}],"predecessor-version":[{"id":40424,"href":"https:\/\/www.egemtv.com\/index.php?rest_route=\/wp\/v2\/posts\/40422\/revisions\/40424"}],"wp:featuredmedia":[{"embeddable":true,"href":"https:\/\/www.egemtv.com\/index.php?rest_route=\/wp\/v2\/media\/40423"}],"wp:attachment":[{"href":"https:\/\/www.egemtv.com\/index.php?rest_route=%2Fwp%2Fv2%2Fmedia&parent=40422"}],"wp:term":[{"taxonomy":"category","embeddable":true,"href":"https:\/\/www.egemtv.com\/index.php?rest_route=%2Fwp%2Fv2%2Fcategories&post=40422"},{"taxonomy":"post_tag","embeddable":true,"href":"https:\/\/www.egemtv.com\/index.php?rest_route=%2Fwp%2Fv2%2Ftags&post=40422"}],"curies":[{"name":"wp","href":"https:\/\/api.w.org\/{rel}","templated":true}]}}