{"id":40419,"date":"2025-07-07T14:37:14","date_gmt":"2025-07-07T11:37:14","guid":{"rendered":"https:\/\/www.egemtv.com\/?p=40419"},"modified":"2025-07-07T14:37:21","modified_gmt":"2025-07-07T11:37:21","slug":"izmirde-uyusturucu-ve-silah-kacakciligi-2-gozalti","status":"publish","type":"post","link":"https:\/\/www.egemtv.com\/?p=40419","title":{"rendered":"\u0130zmir\u2019de uyu\u015fturucu ve silah ka\u00e7ak\u00e7\u0131l\u0131\u011f\u0131: 2 g\u00f6zalt\u0131"},"content":{"rendered":"<p>\u0130zmir\u2019in Karaba\u011flar il\u00e7esinde uyu\u015fturucu madde ve silah ticareti yapt\u0131\u011f\u0131 belirlenen 2 \u015f\u00fcpheli \u015fah\u0131s, polis ekiplerince yakalan\u0131p g\u00f6zalt\u0131na al\u0131nd\u0131. Evde yap\u0131lan aramalarda ise \u00e7ok say\u0131da silah ve y\u00fckl\u00fc miktarda uyu\u015fturucu madde ele ge\u00e7irildi.<br \/>\n<br \/>\u0130l Emniyet M\u00fcd\u00fcrl\u00fc\u011f\u00fcne ba\u011fl\u0131 Su\u00e7 \u00d6nleme ve Soru\u015fturma B\u00fcro Amirli\u011fi ekipleri Karaba\u011flar il\u00e7esinde uyu\u015fturucu ve silah ka\u00e7ak\u00e7\u0131l\u0131\u011f\u0131 yap\u0131ld\u0131\u011f\u0131 ihbar\u0131yla harekete ge\u00e7ti. Polis ekiplerince y\u00fcr\u00fct\u00fclen \u00e7al\u0131\u015f\u0131malar sonucunda belirlenen adrese operasyon d\u00fczenlendi. Evde yap\u0131lan aramalarda, 2 tabanca, 1 adet uzun namlulu silah \u015farj\u00f6r\u00fc, 28 fi\u015fek, 15 adet muhtelif silah par\u00e7as\u0131, bin 537 uyu\u015fturucu hap, 17 fi\u015fek esrar maddesi, 90 gr hint keneviri ve 2 hassas terazi ele ge\u00e7irildi. G\u00f6zalt\u0131na al\u0131nan F.K. (30) ve Y.G. (17) isimli \u015f\u00fcpheli \u015fah\u0131slar i\u015flemleri i\u00e7i emniyete sevk edildi. \u00d6te yandan olayla ilgili ba\u015flat\u0131lan soru\u015fturma s\u00fcr\u00fcyor.<br \/><\/p>\n","protected":false},"excerpt":{"rendered":"<p>\u0130zmir\u2019in Karaba\u011flar il\u00e7esinde uyu\u015fturucu madde ve silah ticareti yapt\u0131\u011f\u0131 belirlenen 2 \u015f\u00fcpheli \u015fah\u0131s, polis ekiplerince yakalan\u0131p g\u00f6zalt\u0131na al\u0131nd\u0131. Evde yap\u0131lan aramalarda ise \u00e7ok say\u0131da silah ve y\u00fckl\u00fc miktarda uyu\u015fturucu madde ele ge\u00e7irildi. \u0130l Emniyet M\u00fcd\u00fcrl\u00fc\u011f\u00fcne ba\u011fl\u0131 Su\u00e7 \u00d6nleme ve Soru\u015fturma B\u00fcro Amirli\u011fi ekipleri Karaba\u011flar il\u00e7esinde uyu\u015fturucu ve silah ka\u00e7ak\u00e7\u0131l\u0131\u011f\u0131 yap\u0131ld\u0131\u011f\u0131 ihbar\u0131yla harekete ge\u00e7ti. Polis ekiplerince&#8230;<\/p>\n","protected":false},"author":1,"featured_media":40420,"comment_status":"open","ping_status":"open","sticky":false,"template":"","format":"standard","meta":{"_crdt_document":"","footnotes":""},"categories":[5],"tags":[],"class_list":["post-40419","post","type-post","status-publish","format-standard","has-post-thumbnail","hentry","category-asayis"],"_links":{"self":[{"href":"https:\/\/www.egemtv.com\/index.php?rest_route=\/wp\/v2\/posts\/40419","targetHints":{"allow":["GET"]}}],"collection":[{"href":"https:\/\/www.egemtv.com\/index.php?rest_route=\/wp\/v2\/posts"}],"about":[{"href":"https:\/\/www.egemtv.com\/index.php?rest_route=\/wp\/v2\/types\/post"}],"author":[{"embeddable":true,"href":"https:\/\/www.egemtv.com\/index.php?rest_route=\/wp\/v2\/users\/1"}],"replies":[{"embeddable":true,"href":"https:\/\/www.egemtv.com\/index.php?rest_route=%2Fwp%2Fv2%2Fcomments&post=40419"}],"version-history":[{"count":1,"href":"https:\/\/www.egemtv.com\/index.php?rest_route=\/wp\/v2\/posts\/40419\/revisions"}],"predecessor-version":[{"id":40421,"href":"https:\/\/www.egemtv.com\/index.php?rest_route=\/wp\/v2\/posts\/40419\/revisions\/40421"}],"wp:featuredmedia":[{"embeddable":true,"href":"https:\/\/www.egemtv.com\/index.php?rest_route=\/wp\/v2\/media\/40420"}],"wp:attachment":[{"href":"https:\/\/www.egemtv.com\/index.php?rest_route=%2Fwp%2Fv2%2Fmedia&parent=40419"}],"wp:term":[{"taxonomy":"category","embeddable":true,"href":"https:\/\/www.egemtv.com\/index.php?rest_route=%2Fwp%2Fv2%2Fcategories&post=40419"},{"taxonomy":"post_tag","embeddable":true,"href":"https:\/\/www.egemtv.com\/index.php?rest_route=%2Fwp%2Fv2%2Ftags&post=40419"}],"curies":[{"name":"wp","href":"https:\/\/api.w.org\/{rel}","templated":true}]}}