{"id":40413,"date":"2025-07-07T13:57:23","date_gmt":"2025-07-07T10:57:23","guid":{"rendered":"https:\/\/www.egemtv.com\/?p=40413"},"modified":"2025-07-07T13:57:26","modified_gmt":"2025-07-07T10:57:26","slug":"manisali-sehit-fikret-manguranin-2018deki-dugun-goruntuleri-yurek-dagladi","status":"publish","type":"post","link":"https:\/\/www.egemtv.com\/?p=40413","title":{"rendered":"Manisal\u0131 \u015eehit Fikret Mangura\u2019n\u0131n 2018\u2019deki d\u00fc\u011f\u00fcn g\u00f6r\u00fcnt\u00fcleri y\u00fcrek da\u011flad\u0131"},"content":{"rendered":"<p>Milli Savunma Bakanl\u0131\u011f\u0131 (MSB), Irak\u2019\u0131n kuzeyindeki Pen\u00e7e-Kilit Harekat\u0131 b\u00f6lgesinde bir ma\u011farada y\u00fcr\u00fct\u00fclen arama-tarama faaliyetleri s\u0131ras\u0131nda metan gaz\u0131na maruz kalarak \u015fehit olan 12 askerden biri olan 37 ya\u015f\u0131ndaki Akhisarl\u0131 Piyade Astsubay K\u0131demli \u00c7avu\u015f Fikret Mangura\u2019n\u0131n 2018 y\u0131l\u0131nda Melahat T\u00fcrkgen\u00e7 ile yapt\u0131\u011f\u0131 d\u00fc\u011f\u00fcnden kalan g\u00f6r\u00fcnt\u00fcler izleyenlerin y\u00fcre\u011fini da\u011flad\u0131.<br \/>\n<br \/>Manisa\u2019n\u0131n Akhisar il\u00e7esi n\u00fcfusuna kay\u0131tl\u0131 37 ya\u015f\u0131ndaki \u015eehit Fikret Mangura\u2019n\u0131n 6 y\u0131l \u00f6nce Akhisar\u2019da ger\u00e7ekle\u015fen d\u00fc\u011f\u00fcn t\u00f6reninden kalan videolarda mutlulu\u011fu g\u00f6zlerine yans\u0131rken, Mangura\u2019n\u0131n, Melahat T\u00fcrkgen\u00e7 ile omuz omuza oynad\u0131\u011f\u0131 anlar y\u00fcrek burktu. 2018 y\u0131l\u0131nda d\u00fcnya evine giren ve 2019 y\u0131l\u0131nda Deniz Ece isimli bir k\u0131z\u0131 olan \u015fehit Fikret Mangura\u2019n\u0131n cenaze t\u00f6reninin ne zaman yap\u0131laca\u011f\u0131 ise hen\u00fcz a\u00e7\u0131klanmad\u0131.<br \/><\/p>\n","protected":false},"excerpt":{"rendered":"<p>Milli Savunma Bakanl\u0131\u011f\u0131 (MSB), Irak\u2019\u0131n kuzeyindeki Pen\u00e7e-Kilit Harekat\u0131 b\u00f6lgesinde bir ma\u011farada y\u00fcr\u00fct\u00fclen arama-tarama faaliyetleri s\u0131ras\u0131nda metan gaz\u0131na maruz kalarak \u015fehit olan 12 askerden biri olan 37 ya\u015f\u0131ndaki Akhisarl\u0131 Piyade Astsubay K\u0131demli \u00c7avu\u015f Fikret Mangura\u2019n\u0131n 2018 y\u0131l\u0131nda Melahat T\u00fcrkgen\u00e7 ile yapt\u0131\u011f\u0131 d\u00fc\u011f\u00fcnden kalan g\u00f6r\u00fcnt\u00fcler izleyenlerin y\u00fcre\u011fini da\u011flad\u0131. Manisa\u2019n\u0131n Akhisar il\u00e7esi n\u00fcfusuna kay\u0131tl\u0131 37 ya\u015f\u0131ndaki \u015eehit Fikret&#8230;<\/p>\n","protected":false},"author":1,"featured_media":40414,"comment_status":"open","ping_status":"open","sticky":false,"template":"","format":"standard","meta":{"_crdt_document":"","footnotes":""},"categories":[123],"tags":[],"class_list":["post-40413","post","type-post","status-publish","format-standard","has-post-thumbnail","hentry","category-gundem"],"_links":{"self":[{"href":"https:\/\/www.egemtv.com\/index.php?rest_route=\/wp\/v2\/posts\/40413","targetHints":{"allow":["GET"]}}],"collection":[{"href":"https:\/\/www.egemtv.com\/index.php?rest_route=\/wp\/v2\/posts"}],"about":[{"href":"https:\/\/www.egemtv.com\/index.php?rest_route=\/wp\/v2\/types\/post"}],"author":[{"embeddable":true,"href":"https:\/\/www.egemtv.com\/index.php?rest_route=\/wp\/v2\/users\/1"}],"replies":[{"embeddable":true,"href":"https:\/\/www.egemtv.com\/index.php?rest_route=%2Fwp%2Fv2%2Fcomments&post=40413"}],"version-history":[{"count":1,"href":"https:\/\/www.egemtv.com\/index.php?rest_route=\/wp\/v2\/posts\/40413\/revisions"}],"predecessor-version":[{"id":40415,"href":"https:\/\/www.egemtv.com\/index.php?rest_route=\/wp\/v2\/posts\/40413\/revisions\/40415"}],"wp:featuredmedia":[{"embeddable":true,"href":"https:\/\/www.egemtv.com\/index.php?rest_route=\/wp\/v2\/media\/40414"}],"wp:attachment":[{"href":"https:\/\/www.egemtv.com\/index.php?rest_route=%2Fwp%2Fv2%2Fmedia&parent=40413"}],"wp:term":[{"taxonomy":"category","embeddable":true,"href":"https:\/\/www.egemtv.com\/index.php?rest_route=%2Fwp%2Fv2%2Fcategories&post=40413"},{"taxonomy":"post_tag","embeddable":true,"href":"https:\/\/www.egemtv.com\/index.php?rest_route=%2Fwp%2Fv2%2Ftags&post=40413"}],"curies":[{"name":"wp","href":"https:\/\/api.w.org\/{rel}","templated":true}]}}