{"id":40407,"date":"2025-07-07T13:36:26","date_gmt":"2025-07-07T10:36:26","guid":{"rendered":"https:\/\/www.egemtv.com\/?p=40407"},"modified":"2025-07-07T13:36:31","modified_gmt":"2025-07-07T10:36:31","slug":"metan-gazi-faciasinda-izmire-bir-sehit-haberi-daha","status":"publish","type":"post","link":"https:\/\/www.egemtv.com\/?p=40407","title":{"rendered":"Metan gaz\u0131 facias\u0131nda \u0130zmir\u2019e bir \u015fehit haberi daha"},"content":{"rendered":"<p>Irak\u2019\u0131n kuzeyinde s\u00fcrd\u00fcr\u00fclen Pen\u00e7e-Kilit Harekat\u0131 b\u00f6lgesinde g\u00f6rev yapan ve bir ma\u011farada y\u00fcr\u00fct\u00fclen arama-tarama faaliyetleri s\u0131ras\u0131nda metan gaz\u0131ndan etkilenerek \u015fehit d\u00fc\u015fen askerlerden Piyade Astsubay K\u0131demli \u00c7avu\u015f Fikret Mangura\u2019n\u0131n ac\u0131 haberi \u0130zmir\u2019deki evine ula\u015ft\u0131. Ayn\u0131 olayda \u0130zmirli \u00dcste\u011fmen Ege Akar da \u015fehadete ula\u015ft\u0131.<br \/>\n<br \/>Irak\u2019\u0131n kuzeyindeki Pen\u00e7e-Kilit operasyon b\u00f6lgesinde metan gaz\u0131 zehirlenmesi sonucu \u0130zmirli \u0130stihbarat Piyade \u00dcste\u011fmen Ege Akar \u015fehit d\u00fc\u015ft\u00fc. \u015eehit Fikret Mangura\u2019n\u0131n ac\u0131 haberi, \u0130zmir\u2019in Seferihisar il\u00e7esindeki evine ula\u015ft\u0131r\u0131ld\u0131. E\u015fi Melahat Mangura\u2019ya haberin verilmesinin ard\u0131ndan eve T\u00fcrk bayra\u011f\u0131 as\u0131l\u0131rken, kom\u015fular\u0131 ve sevenleri \u015fehidin evine ak\u0131n etti. 5 ya\u015f\u0131nda Deniz Ece ad\u0131nda bir k\u0131z\u0131 oldu\u011fu \u00f6\u011frenilen \u015fehidin evi yasa bo\u011fuldu. \u015eehidin anne ve babas\u0131n\u0131n Manisa\u2019n\u0131n Akhisar il\u00e7esinde ya\u015fad\u0131\u011f\u0131 belirtildi. Mangura\u2019n\u0131n naa\u015f\u0131n\u0131n, ailesinin de iste\u011fi \u00fczerine Akhisar\u2019da d\u00fczenlenecek cenaze t\u00f6reniyle son yolculu\u011funa u\u011furlanaca\u011f\u0131 bildirildi.<br \/>\n<br \/>\u00d6te yandan ayn\u0131 olayda yine \u0130zmirli olan \u0130stihbarat Piyade \u00dcste\u011fmen Ege Akar da \u015fehit olmu\u015ftu. Ayn\u0131 \u015fehirden gelen iki ac\u0131 haber, \u0130zmir\u2019de h\u00fczne neden oldu.<br \/><\/p>\n","protected":false},"excerpt":{"rendered":"<p>Irak\u2019\u0131n kuzeyinde s\u00fcrd\u00fcr\u00fclen Pen\u00e7e-Kilit Harekat\u0131 b\u00f6lgesinde g\u00f6rev yapan ve bir ma\u011farada y\u00fcr\u00fct\u00fclen arama-tarama faaliyetleri s\u0131ras\u0131nda metan gaz\u0131ndan etkilenerek \u015fehit d\u00fc\u015fen askerlerden Piyade Astsubay K\u0131demli \u00c7avu\u015f Fikret Mangura\u2019n\u0131n ac\u0131 haberi \u0130zmir\u2019deki evine ula\u015ft\u0131. Ayn\u0131 olayda \u0130zmirli \u00dcste\u011fmen Ege Akar da \u015fehadete ula\u015ft\u0131. Irak\u2019\u0131n kuzeyindeki Pen\u00e7e-Kilit operasyon b\u00f6lgesinde metan gaz\u0131 zehirlenmesi sonucu \u0130zmirli \u0130stihbarat Piyade \u00dcste\u011fmen Ege&#8230;<\/p>\n","protected":false},"author":1,"featured_media":40408,"comment_status":"open","ping_status":"open","sticky":false,"template":"","format":"standard","meta":{"_crdt_document":"","footnotes":""},"categories":[5],"tags":[],"class_list":["post-40407","post","type-post","status-publish","format-standard","has-post-thumbnail","hentry","category-asayis"],"_links":{"self":[{"href":"https:\/\/www.egemtv.com\/index.php?rest_route=\/wp\/v2\/posts\/40407","targetHints":{"allow":["GET"]}}],"collection":[{"href":"https:\/\/www.egemtv.com\/index.php?rest_route=\/wp\/v2\/posts"}],"about":[{"href":"https:\/\/www.egemtv.com\/index.php?rest_route=\/wp\/v2\/types\/post"}],"author":[{"embeddable":true,"href":"https:\/\/www.egemtv.com\/index.php?rest_route=\/wp\/v2\/users\/1"}],"replies":[{"embeddable":true,"href":"https:\/\/www.egemtv.com\/index.php?rest_route=%2Fwp%2Fv2%2Fcomments&post=40407"}],"version-history":[{"count":1,"href":"https:\/\/www.egemtv.com\/index.php?rest_route=\/wp\/v2\/posts\/40407\/revisions"}],"predecessor-version":[{"id":40409,"href":"https:\/\/www.egemtv.com\/index.php?rest_route=\/wp\/v2\/posts\/40407\/revisions\/40409"}],"wp:featuredmedia":[{"embeddable":true,"href":"https:\/\/www.egemtv.com\/index.php?rest_route=\/wp\/v2\/media\/40408"}],"wp:attachment":[{"href":"https:\/\/www.egemtv.com\/index.php?rest_route=%2Fwp%2Fv2%2Fmedia&parent=40407"}],"wp:term":[{"taxonomy":"category","embeddable":true,"href":"https:\/\/www.egemtv.com\/index.php?rest_route=%2Fwp%2Fv2%2Fcategories&post=40407"},{"taxonomy":"post_tag","embeddable":true,"href":"https:\/\/www.egemtv.com\/index.php?rest_route=%2Fwp%2Fv2%2Ftags&post=40407"}],"curies":[{"name":"wp","href":"https:\/\/api.w.org\/{rel}","templated":true}]}}