{"id":40404,"date":"2025-07-07T13:36:21","date_gmt":"2025-07-07T10:36:21","guid":{"rendered":"https:\/\/www.egemtv.com\/?p=40404"},"modified":"2025-07-07T13:36:26","modified_gmt":"2025-07-07T10:36:26","slug":"moloz-yiginlari-karabaglar-yaylasini-tehdit-ediyor","status":"publish","type":"post","link":"https:\/\/www.egemtv.com\/?p=40404","title":{"rendered":"Moloz y\u0131\u011f\u0131nlar\u0131 Karaba\u011flar Yaylas\u0131\u2019n\u0131 tehdit ediyor"},"content":{"rendered":"<p>Mu\u011fla\u2019n\u0131n Mente\u015fe il\u00e7esinde bulunan ve do\u011fal g\u00fczelli\u011fiyle bilinen Karaba\u011flar Yaylas\u0131, geli\u015fig\u00fczel d\u00f6k\u00fclen in\u015faat at\u0131klar\u0131 ve molozlar nedeniyle adeta \u00e7evre felaketiyle kar\u015f\u0131 kar\u015f\u0131ya kald\u0131. Yaylada ya\u015fayan vatanda\u015flar, duruma tepki g\u00f6stererek yetkililere acil \u00e7a\u011fr\u0131da bulundu.<\/p>\n<p>Mu\u011fla\u2019n\u0131n en \u00f6nemli do\u011fal alanlar\u0131ndan biri olan Karaba\u011flar Yaylas\u0131, temiz havas\u0131, yayla dokusu ve su kaynaklar\u0131yla bilinirken, kontrols\u00fcz d\u00f6k\u00fclen at\u0131klar do\u011fal miras\u0131 tehdit ediyor.<\/p>\n<p>Yayla sakinlerinden Durmu\u015f \u00c7imen, b\u00f6lgeye kimli\u011fi belirsiz ki\u015filer taraf\u0131ndan s\u00fcrekli moloz ve in\u015faat at\u0131\u011f\u0131 d\u00f6k\u00fcld\u00fc\u011f\u00fcn\u00fc belirterek b\u00fcy\u00fck bir \u00e7evre kirlili\u011fi olu\u015ftu\u011funu s\u00f6yledi. \u00c7imen, yang\u0131n riski ve su kaynaklar\u0131n\u0131n kirlenmesi tehlikesine dikkat \u00e7ekerek \u015fu ifadeleri kulland\u0131: &#8220;Buraya \u00f6n\u00fcne gelen angaz (in\u015faat art\u0131\u011f\u0131, moloz) pislik d\u00f6k\u00fcyor. Burada yang\u0131n riski var. Ayr\u0131ca, b\u00fct\u00fcn Mu\u011fla\u2019n\u0131n suyu buradan gidiyor. Bu pislik buray\u0131 t\u0131kat\u0131rsa Karaba\u011flar Yaylas\u0131 suyun alt\u0131nda kal\u0131r. Yetkililerden ricam\u0131z; bu alan\u0131n bir an \u00f6nce temizletilmesi ve buraya moloz d\u00f6k\u00fclmesinin kesinlikle engellenmesidir. Yang\u0131n sezonunday\u0131z malumunuz, e\u011fer bir k\u0131v\u0131lc\u0131m d\u00fc\u015ferse buralar komple yanar ve Karaba\u011flar Yaylas\u0131\u2019n\u0131n g\u00fczelli\u011fi yok olur&#8221;<br \/><\/p>\n","protected":false},"excerpt":{"rendered":"<p>Mu\u011fla\u2019n\u0131n Mente\u015fe il\u00e7esinde bulunan ve do\u011fal g\u00fczelli\u011fiyle bilinen Karaba\u011flar Yaylas\u0131, geli\u015fig\u00fczel d\u00f6k\u00fclen in\u015faat at\u0131klar\u0131 ve molozlar nedeniyle adeta \u00e7evre felaketiyle kar\u015f\u0131 kar\u015f\u0131ya kald\u0131. Yaylada ya\u015fayan vatanda\u015flar, duruma tepki g\u00f6stererek yetkililere acil \u00e7a\u011fr\u0131da bulundu. Mu\u011fla\u2019n\u0131n en \u00f6nemli do\u011fal alanlar\u0131ndan biri olan Karaba\u011flar Yaylas\u0131, temiz havas\u0131, yayla dokusu ve su kaynaklar\u0131yla bilinirken, kontrols\u00fcz d\u00f6k\u00fclen at\u0131klar do\u011fal miras\u0131&#8230;<\/p>\n","protected":false},"author":1,"featured_media":40405,"comment_status":"open","ping_status":"open","sticky":false,"template":"","format":"standard","meta":{"_crdt_document":"","footnotes":""},"categories":[1],"tags":[],"class_list":["post-40404","post","type-post","status-publish","format-standard","has-post-thumbnail","hentry","category-guncel"],"_links":{"self":[{"href":"https:\/\/www.egemtv.com\/index.php?rest_route=\/wp\/v2\/posts\/40404","targetHints":{"allow":["GET"]}}],"collection":[{"href":"https:\/\/www.egemtv.com\/index.php?rest_route=\/wp\/v2\/posts"}],"about":[{"href":"https:\/\/www.egemtv.com\/index.php?rest_route=\/wp\/v2\/types\/post"}],"author":[{"embeddable":true,"href":"https:\/\/www.egemtv.com\/index.php?rest_route=\/wp\/v2\/users\/1"}],"replies":[{"embeddable":true,"href":"https:\/\/www.egemtv.com\/index.php?rest_route=%2Fwp%2Fv2%2Fcomments&post=40404"}],"version-history":[{"count":1,"href":"https:\/\/www.egemtv.com\/index.php?rest_route=\/wp\/v2\/posts\/40404\/revisions"}],"predecessor-version":[{"id":40406,"href":"https:\/\/www.egemtv.com\/index.php?rest_route=\/wp\/v2\/posts\/40404\/revisions\/40406"}],"wp:featuredmedia":[{"embeddable":true,"href":"https:\/\/www.egemtv.com\/index.php?rest_route=\/wp\/v2\/media\/40405"}],"wp:attachment":[{"href":"https:\/\/www.egemtv.com\/index.php?rest_route=%2Fwp%2Fv2%2Fmedia&parent=40404"}],"wp:term":[{"taxonomy":"category","embeddable":true,"href":"https:\/\/www.egemtv.com\/index.php?rest_route=%2Fwp%2Fv2%2Fcategories&post=40404"},{"taxonomy":"post_tag","embeddable":true,"href":"https:\/\/www.egemtv.com\/index.php?rest_route=%2Fwp%2Fv2%2Ftags&post=40404"}],"curies":[{"name":"wp","href":"https:\/\/api.w.org\/{rel}","templated":true}]}}