{"id":40398,"date":"2025-07-07T13:17:33","date_gmt":"2025-07-07T10:17:33","guid":{"rendered":"https:\/\/www.egemtv.com\/?p=40398"},"modified":"2025-07-07T13:17:36","modified_gmt":"2025-07-07T10:17:36","slug":"ispartada-uyusturucu-operasyonu-2-aranan-sahis-yakalandi","status":"publish","type":"post","link":"https:\/\/www.egemtv.com\/?p=40398","title":{"rendered":"Isparta\u2019da uyu\u015fturucu operasyonu: 2 aranan \u015fah\u0131s yakaland\u0131"},"content":{"rendered":"<p>Isparta Anadolu Mahallesi\u2019nde bir adrese yap\u0131lan uyu\u015fturucu operasyonunda \u00e7ok say\u0131da uyu\u015fturucu madde ve aparat ele ge\u00e7irildi. Operasyonda biri 12 y\u0131l 6 ay hapis cezas\u0131yla aranan 2 \u015fah\u0131s yakaland\u0131.<br \/>\n<br \/>Isparta \u0130l Emniyet M\u00fcd\u00fcrl\u00fc\u011f\u00fc\u2019ne ba\u011fl\u0131 Yunus Timleri taraf\u0131ndan ge\u00e7ti\u011fimiz Cumartesi g\u00fcn\u00fc Anadolu Mahallesi\u2019nde bir adrese d\u00fczenlenen operasyonda uyu\u015fturucu maddeler ve kullan\u0131m aparatlar\u0131 ele ge\u00e7irildi. Adreste yap\u0131lan aramada 3 par\u00e7a halinde toplam 4.3 gram metamfetamin, 10 par\u00e7a halinde toplam 314 i\u00e7imlik sentetik kannabinoid, 3 adet payp, 1 adet bong bulundu. Ayr\u0131ca evde bulunan \u015f\u00fcpheli \u015fah\u0131slar\u0131n GBT ve UYAP sorgulamalar\u0131nda 1 \u015fahs\u0131n, &#8220;Uyu\u015fturucu Madde Ticareti Yapma veya Sa\u011flama&#8221; su\u00e7undan 12 y\u0131l 6 ay kesinle\u015fmi\u015f hapis cezas\u0131yla arand\u0131\u011f\u0131, di\u011fer 1 \u015fahs\u0131n da ayn\u0131 su\u00e7tan mahkemece arand\u0131\u011f\u0131 tespit edildi. G\u00f6zalt\u0131na al\u0131nan \u015f\u00fcpheliler ve ele ge\u00e7irilen maddeler, adli i\u015flemler i\u00e7in Narkotik Su\u00e7larla M\u00fccadele \u015eube M\u00fcd\u00fcrl\u00fc\u011f\u00fc\u2019ne teslim edildi.<br \/><\/p>\n","protected":false},"excerpt":{"rendered":"<p>Isparta Anadolu Mahallesi\u2019nde bir adrese yap\u0131lan uyu\u015fturucu operasyonunda \u00e7ok say\u0131da uyu\u015fturucu madde ve aparat ele ge\u00e7irildi. Operasyonda biri 12 y\u0131l 6 ay hapis cezas\u0131yla aranan 2 \u015fah\u0131s yakaland\u0131. Isparta \u0130l Emniyet M\u00fcd\u00fcrl\u00fc\u011f\u00fc\u2019ne ba\u011fl\u0131 Yunus Timleri taraf\u0131ndan ge\u00e7ti\u011fimiz Cumartesi g\u00fcn\u00fc Anadolu Mahallesi\u2019nde bir adrese d\u00fczenlenen operasyonda uyu\u015fturucu maddeler ve kullan\u0131m aparatlar\u0131 ele ge\u00e7irildi. Adreste yap\u0131lan aramada&#8230;<\/p>\n","protected":false},"author":1,"featured_media":40399,"comment_status":"open","ping_status":"open","sticky":false,"template":"","format":"standard","meta":{"_crdt_document":"","footnotes":""},"categories":[5],"tags":[],"class_list":["post-40398","post","type-post","status-publish","format-standard","has-post-thumbnail","hentry","category-asayis"],"_links":{"self":[{"href":"https:\/\/www.egemtv.com\/index.php?rest_route=\/wp\/v2\/posts\/40398","targetHints":{"allow":["GET"]}}],"collection":[{"href":"https:\/\/www.egemtv.com\/index.php?rest_route=\/wp\/v2\/posts"}],"about":[{"href":"https:\/\/www.egemtv.com\/index.php?rest_route=\/wp\/v2\/types\/post"}],"author":[{"embeddable":true,"href":"https:\/\/www.egemtv.com\/index.php?rest_route=\/wp\/v2\/users\/1"}],"replies":[{"embeddable":true,"href":"https:\/\/www.egemtv.com\/index.php?rest_route=%2Fwp%2Fv2%2Fcomments&post=40398"}],"version-history":[{"count":1,"href":"https:\/\/www.egemtv.com\/index.php?rest_route=\/wp\/v2\/posts\/40398\/revisions"}],"predecessor-version":[{"id":40400,"href":"https:\/\/www.egemtv.com\/index.php?rest_route=\/wp\/v2\/posts\/40398\/revisions\/40400"}],"wp:featuredmedia":[{"embeddable":true,"href":"https:\/\/www.egemtv.com\/index.php?rest_route=\/wp\/v2\/media\/40399"}],"wp:attachment":[{"href":"https:\/\/www.egemtv.com\/index.php?rest_route=%2Fwp%2Fv2%2Fmedia&parent=40398"}],"wp:term":[{"taxonomy":"category","embeddable":true,"href":"https:\/\/www.egemtv.com\/index.php?rest_route=%2Fwp%2Fv2%2Fcategories&post=40398"},{"taxonomy":"post_tag","embeddable":true,"href":"https:\/\/www.egemtv.com\/index.php?rest_route=%2Fwp%2Fv2%2Ftags&post=40398"}],"curies":[{"name":"wp","href":"https:\/\/api.w.org\/{rel}","templated":true}]}}