{"id":40395,"date":"2025-07-07T13:17:25","date_gmt":"2025-07-07T10:17:25","guid":{"rendered":"https:\/\/www.egemtv.com\/?p=40395"},"modified":"2025-07-07T13:17:33","modified_gmt":"2025-07-07T10:17:33","slug":"ispartada-patpat-devrildi-2-olu-1-agir-yarali","status":"publish","type":"post","link":"https:\/\/www.egemtv.com\/?p=40395","title":{"rendered":"Isparta\u2019da patpat devrildi: 2 \u00f6l\u00fc, 1 a\u011f\u0131r yaral\u0131"},"content":{"rendered":"<p>Isparta\u2019n\u0131n Yalva\u00e7 il\u00e7esinde seyir halindeyken devrilen patpat kazas\u0131nda 2 ki\u015fi hayat\u0131n\u0131 kaybetti, k\u00fc\u00e7\u00fck \u00e7ocuk a\u011f\u0131r yaraland\u0131.<br \/>\n<br \/>Kaza, Isparta\u2019n\u0131n Yalva\u00e7 il\u00e7esi Ey\u00fcpler k\u00f6y\u00fc mevkiinde meydana geldi. Edinilen bilgiye g\u00f6re, Olkan Turan y\u00f6netimindeki patpat olarak bilinen tar\u0131m arac\u0131, s\u00fcr\u00fcc\u00fcn\u00fcn direksiyon hakimiyetini kaybetmesi sonucu duvara \u00e7arparak devrildi. Kazada, ara\u00e7ta yolcu olarak bulunan Necla Turan (36) olay yerinde hayat\u0131n\u0131 kaybetti. S\u00fcr\u00fcc\u00fc Olkan Turan ile 6 ya\u015f\u0131ndaki \u00e7ocuk a\u011f\u0131r yaraland\u0131. Kazay\u0131 g\u00f6renlerin 112 Acil \u00c7a\u011fr\u0131 Merkezi\u2019ne ihbar\u0131 \u00fczerine olay yerine sa\u011fl\u0131k ve jandarma ekipleri sevk edildi. Yaral\u0131lar, olay yerindeki ilk m\u00fcdahalenin ard\u0131ndan Isparta \u015eehir Hastanesi\u2019ne kald\u0131r\u0131ld\u0131. A\u011f\u0131r yaral\u0131 s\u00fcr\u00fcc\u00fc Olkan Turan, hastanede yap\u0131lan t\u00fcm m\u00fcdahalelere ra\u011fmen kurtar\u0131lamad\u0131. Hayat\u0131n\u0131 kaybeden Necla Turan ve Olkan Turan\u2019\u0131n cenazeleri otopsi yap\u0131lmak \u00fczere hastane morguna kald\u0131r\u0131l\u0131rken, k\u00fc\u00e7\u00fck \u00e7ocu\u011fun ise tedavisinin s\u00fcrd\u00fc\u011f\u00fc \u00f6\u011frenildi. Kazayla ilgili soru\u015fturma ba\u015flat\u0131ld\u0131.<br \/><\/p>\n","protected":false},"excerpt":{"rendered":"<p>Isparta\u2019n\u0131n Yalva\u00e7 il\u00e7esinde seyir halindeyken devrilen patpat kazas\u0131nda 2 ki\u015fi hayat\u0131n\u0131 kaybetti, k\u00fc\u00e7\u00fck \u00e7ocuk a\u011f\u0131r yaraland\u0131. Kaza, Isparta\u2019n\u0131n Yalva\u00e7 il\u00e7esi Ey\u00fcpler k\u00f6y\u00fc mevkiinde meydana geldi. Edinilen bilgiye g\u00f6re, Olkan Turan y\u00f6netimindeki patpat olarak bilinen tar\u0131m arac\u0131, s\u00fcr\u00fcc\u00fcn\u00fcn direksiyon hakimiyetini kaybetmesi sonucu duvara \u00e7arparak devrildi. Kazada, ara\u00e7ta yolcu olarak bulunan Necla Turan (36) olay yerinde hayat\u0131n\u0131&#8230;<\/p>\n","protected":false},"author":1,"featured_media":40396,"comment_status":"open","ping_status":"open","sticky":false,"template":"","format":"standard","meta":{"_crdt_document":"","footnotes":""},"categories":[5],"tags":[],"class_list":["post-40395","post","type-post","status-publish","format-standard","has-post-thumbnail","hentry","category-asayis"],"_links":{"self":[{"href":"https:\/\/www.egemtv.com\/index.php?rest_route=\/wp\/v2\/posts\/40395","targetHints":{"allow":["GET"]}}],"collection":[{"href":"https:\/\/www.egemtv.com\/index.php?rest_route=\/wp\/v2\/posts"}],"about":[{"href":"https:\/\/www.egemtv.com\/index.php?rest_route=\/wp\/v2\/types\/post"}],"author":[{"embeddable":true,"href":"https:\/\/www.egemtv.com\/index.php?rest_route=\/wp\/v2\/users\/1"}],"replies":[{"embeddable":true,"href":"https:\/\/www.egemtv.com\/index.php?rest_route=%2Fwp%2Fv2%2Fcomments&post=40395"}],"version-history":[{"count":1,"href":"https:\/\/www.egemtv.com\/index.php?rest_route=\/wp\/v2\/posts\/40395\/revisions"}],"predecessor-version":[{"id":40397,"href":"https:\/\/www.egemtv.com\/index.php?rest_route=\/wp\/v2\/posts\/40395\/revisions\/40397"}],"wp:featuredmedia":[{"embeddable":true,"href":"https:\/\/www.egemtv.com\/index.php?rest_route=\/wp\/v2\/media\/40396"}],"wp:attachment":[{"href":"https:\/\/www.egemtv.com\/index.php?rest_route=%2Fwp%2Fv2%2Fmedia&parent=40395"}],"wp:term":[{"taxonomy":"category","embeddable":true,"href":"https:\/\/www.egemtv.com\/index.php?rest_route=%2Fwp%2Fv2%2Fcategories&post=40395"},{"taxonomy":"post_tag","embeddable":true,"href":"https:\/\/www.egemtv.com\/index.php?rest_route=%2Fwp%2Fv2%2Ftags&post=40395"}],"curies":[{"name":"wp","href":"https:\/\/api.w.org\/{rel}","templated":true}]}}