{"id":40392,"date":"2025-07-07T12:57:45","date_gmt":"2025-07-07T09:57:45","guid":{"rendered":"https:\/\/www.egemtv.com\/?p=40392"},"modified":"2025-07-07T12:57:47","modified_gmt":"2025-07-07T09:57:47","slug":"ispartada-huzur-uygulamasinda-binlerce-sahis-kontrol-edildi-43-surucuye-cezai-islem-uygulandi","status":"publish","type":"post","link":"https:\/\/www.egemtv.com\/?p=40392","title":{"rendered":"Isparta\u2019da huzur uygulamas\u0131nda binlerce \u015fah\u0131s kontrol edildi, 43 s\u00fcr\u00fcc\u00fcye cezai i\u015flem uyguland\u0131"},"content":{"rendered":"<p>Isparta genelinde polis ekiplerince ger\u00e7ekle\u015ftirilen &#8220;T\u00fcrkiye Huzur ve G\u00fcven Uygulamas\u0131&#8221; kapsam\u0131nda 5 bin 500\u2019\u00fc a\u015fk\u0131n ki\u015fi sorguland\u0131, bin 700\u2019den fazla ara\u00e7 kontrol edildi. Denetimlerde \u00e7ok say\u0131da metruk bina da incelenirken 43 s\u00fcr\u00fcc\u00fcye \u00e7e\u015fitlik trafik ihlallerinden dolay\u0131 cezai i\u015flem uyguland\u0131.<br \/>\n<br \/>\u0130\u00e7i\u015fleri Bakanl\u0131\u011f\u0131 koordinesinde \u00fclke genelinde y\u00fcr\u00fct\u00fclen &#8220;T\u00fcrkiye Huzur ve G\u00fcven Uygulamas\u0131&#8221; kapsam\u0131nda Isparta \u0130l Emniyet M\u00fcd\u00fcrl\u00fc\u011f\u00fc taraf\u0131ndan ge\u00e7ti\u011fimiz g\u00fcn il merkezi ve il\u00e7elerde geni\u015f kapsaml\u0131 denetim ger\u00e7ekle\u015ftirildi. Sabah, \u00f6\u011flen ve ak\u015fam saatlerinde 3 ayr\u0131 zaman diliminde yap\u0131lan uygulamalarda 108 ekip, 468 personel g\u00f6rev ald\u0131. Uygulama dahilinde 5 bin 542 \u015fah\u0131s sorguland\u0131, bin 782 ara\u00e7 kontrol edildi, 43 s\u00fcr\u00fcc\u00fcye \u00e7e\u015fitli trafik ihlallerinden dolay\u0131 idari yapt\u0131r\u0131m uyguland\u0131, 57 metruk bina kontrol edildi.<br \/><\/p>\n","protected":false},"excerpt":{"rendered":"<p>Isparta genelinde polis ekiplerince ger\u00e7ekle\u015ftirilen &#8220;T\u00fcrkiye Huzur ve G\u00fcven Uygulamas\u0131&#8221; kapsam\u0131nda 5 bin 500\u2019\u00fc a\u015fk\u0131n ki\u015fi sorguland\u0131, bin 700\u2019den fazla ara\u00e7 kontrol edildi. Denetimlerde \u00e7ok say\u0131da metruk bina da incelenirken 43 s\u00fcr\u00fcc\u00fcye \u00e7e\u015fitlik trafik ihlallerinden dolay\u0131 cezai i\u015flem uyguland\u0131. \u0130\u00e7i\u015fleri Bakanl\u0131\u011f\u0131 koordinesinde \u00fclke genelinde y\u00fcr\u00fct\u00fclen &#8220;T\u00fcrkiye Huzur ve G\u00fcven Uygulamas\u0131&#8221; kapsam\u0131nda Isparta \u0130l Emniyet M\u00fcd\u00fcrl\u00fc\u011f\u00fc&#8230;<\/p>\n","protected":false},"author":1,"featured_media":40393,"comment_status":"open","ping_status":"open","sticky":false,"template":"","format":"standard","meta":{"_crdt_document":"","footnotes":""},"categories":[5],"tags":[],"class_list":["post-40392","post","type-post","status-publish","format-standard","has-post-thumbnail","hentry","category-asayis"],"_links":{"self":[{"href":"https:\/\/www.egemtv.com\/index.php?rest_route=\/wp\/v2\/posts\/40392","targetHints":{"allow":["GET"]}}],"collection":[{"href":"https:\/\/www.egemtv.com\/index.php?rest_route=\/wp\/v2\/posts"}],"about":[{"href":"https:\/\/www.egemtv.com\/index.php?rest_route=\/wp\/v2\/types\/post"}],"author":[{"embeddable":true,"href":"https:\/\/www.egemtv.com\/index.php?rest_route=\/wp\/v2\/users\/1"}],"replies":[{"embeddable":true,"href":"https:\/\/www.egemtv.com\/index.php?rest_route=%2Fwp%2Fv2%2Fcomments&post=40392"}],"version-history":[{"count":1,"href":"https:\/\/www.egemtv.com\/index.php?rest_route=\/wp\/v2\/posts\/40392\/revisions"}],"predecessor-version":[{"id":40394,"href":"https:\/\/www.egemtv.com\/index.php?rest_route=\/wp\/v2\/posts\/40392\/revisions\/40394"}],"wp:featuredmedia":[{"embeddable":true,"href":"https:\/\/www.egemtv.com\/index.php?rest_route=\/wp\/v2\/media\/40393"}],"wp:attachment":[{"href":"https:\/\/www.egemtv.com\/index.php?rest_route=%2Fwp%2Fv2%2Fmedia&parent=40392"}],"wp:term":[{"taxonomy":"category","embeddable":true,"href":"https:\/\/www.egemtv.com\/index.php?rest_route=%2Fwp%2Fv2%2Fcategories&post=40392"},{"taxonomy":"post_tag","embeddable":true,"href":"https:\/\/www.egemtv.com\/index.php?rest_route=%2Fwp%2Fv2%2Ftags&post=40392"}],"curies":[{"name":"wp","href":"https:\/\/api.w.org\/{rel}","templated":true}]}}