{"id":40389,"date":"2025-07-07T12:57:39","date_gmt":"2025-07-07T09:57:39","guid":{"rendered":"https:\/\/www.egemtv.com\/?p=40389"},"modified":"2025-07-07T12:57:45","modified_gmt":"2025-07-07T09:57:45","slug":"sehit-atesi-manisaya-dustu","status":"publish","type":"post","link":"https:\/\/www.egemtv.com\/?p=40389","title":{"rendered":"\u015eehit ate\u015fi Manisa\u2019ya d\u00fc\u015ft\u00fc"},"content":{"rendered":"<p>Milli Savunma Bakanl\u0131\u011f\u0131 (MSB), Irak\u2019\u0131n kuzeyindeki Pen\u00e7e-Kilit Harekat\u0131 b\u00f6lgesinde bir ma\u011farada y\u00fcr\u00fct\u00fclen arama-tarama faaliyetleri s\u0131ras\u0131nda metan gaz\u0131na maruz kalarak \u015fehit olan 12 askerden birinin 37 ya\u015f\u0131ndaki Akhisarl\u0131 Piyade Astsubay K\u0131demli \u00c7avu\u015f Fikret Mangura oldu\u011fu a\u00e7\u0131kland\u0131. Ac\u0131 haber \u015fehidin annesine verilirken, hastanede kanser tedavisi g\u00f6ren baba Vasfi Mangura\u2019ya ise ac\u0131 haberin verilmedi\u011fi \u00f6\u011frenildi.<br \/>\n<br \/>Irak\u2019\u0131n kuzeyinde Pen\u00e7e-Kilit Harekat\u0131 b\u00f6lgesinde bir ma\u011farada metan gaz\u0131na maruz kalarak \u015fehit d\u00fc\u015fen Manisa Akhisarl\u0131 Piyade Astsubay K\u0131demli \u00c7avu\u015f Fikret Mangura\u2019n\u0131n H\u00fcrriyet Mahallesi\u2019ndeki annesinin evine haber ula\u015ft\u0131r\u0131ld\u0131. Annesi Misliye Ozan\u2019a haber Akhisar Kaymakam\u0131 Mustafa Can ve beraberindeki ekip taraf\u0131ndan ula\u015ft\u0131r\u0131l\u0131rken, eve dev T\u00fcrk Bayra\u011f\u0131 as\u0131ld\u0131. \u015eehidin \u0130zmir\u2019de ya\u015fayan e\u015fi Melahat Mangura\u2019ya da ac\u0131l\u0131 haber iletilirken, pankreas kanseri nedeniyle Manisa Celal Bayar \u00dcniversitesi Hafsa Sultan Hastanesi\u2019nde tedavisi s\u00fcren emekli polis olan baba Vasfi Mangura\u2019ya haber verilmedi\u011fi bildirildi.<br \/>\n<br \/>Manisa Valisi Vahdettin \u00d6zkan da yay\u0131mlad\u0131\u011f\u0131 mesaj\u0131nda \u015fu ifadelere yer verdi: &#8220;6 Temmuz 2025 tarihinde icra edilen faaliyet esnas\u0131nda \u015fehit olan Manisal\u0131 hem\u015fehrimiz, kahraman\u0131m\u0131z P. Komd. Asb. Kd. \u00c7v\u015f. Fikret Mangura\u2019ya Allah\u2019tan rahmet, ailesine ve yak\u0131nlar\u0131na sabr-\u0131 cemil dilerim. \u015eehidimizin mek\u00e2n\u0131 cennet, makam\u0131 ali olsun.&#8221;<br \/><\/p>\n","protected":false},"excerpt":{"rendered":"<p>Milli Savunma Bakanl\u0131\u011f\u0131 (MSB), Irak\u2019\u0131n kuzeyindeki Pen\u00e7e-Kilit Harekat\u0131 b\u00f6lgesinde bir ma\u011farada y\u00fcr\u00fct\u00fclen arama-tarama faaliyetleri s\u0131ras\u0131nda metan gaz\u0131na maruz kalarak \u015fehit olan 12 askerden birinin 37 ya\u015f\u0131ndaki Akhisarl\u0131 Piyade Astsubay K\u0131demli \u00c7avu\u015f Fikret Mangura oldu\u011fu a\u00e7\u0131kland\u0131. Ac\u0131 haber \u015fehidin annesine verilirken, hastanede kanser tedavisi g\u00f6ren baba Vasfi Mangura\u2019ya ise ac\u0131 haberin verilmedi\u011fi \u00f6\u011frenildi. Irak\u2019\u0131n kuzeyinde Pen\u00e7e-Kilit&#8230;<\/p>\n","protected":false},"author":1,"featured_media":40390,"comment_status":"open","ping_status":"open","sticky":false,"template":"","format":"standard","meta":{"_crdt_document":"","footnotes":""},"categories":[5],"tags":[],"class_list":["post-40389","post","type-post","status-publish","format-standard","has-post-thumbnail","hentry","category-asayis"],"_links":{"self":[{"href":"https:\/\/www.egemtv.com\/index.php?rest_route=\/wp\/v2\/posts\/40389","targetHints":{"allow":["GET"]}}],"collection":[{"href":"https:\/\/www.egemtv.com\/index.php?rest_route=\/wp\/v2\/posts"}],"about":[{"href":"https:\/\/www.egemtv.com\/index.php?rest_route=\/wp\/v2\/types\/post"}],"author":[{"embeddable":true,"href":"https:\/\/www.egemtv.com\/index.php?rest_route=\/wp\/v2\/users\/1"}],"replies":[{"embeddable":true,"href":"https:\/\/www.egemtv.com\/index.php?rest_route=%2Fwp%2Fv2%2Fcomments&post=40389"}],"version-history":[{"count":1,"href":"https:\/\/www.egemtv.com\/index.php?rest_route=\/wp\/v2\/posts\/40389\/revisions"}],"predecessor-version":[{"id":40391,"href":"https:\/\/www.egemtv.com\/index.php?rest_route=\/wp\/v2\/posts\/40389\/revisions\/40391"}],"wp:featuredmedia":[{"embeddable":true,"href":"https:\/\/www.egemtv.com\/index.php?rest_route=\/wp\/v2\/media\/40390"}],"wp:attachment":[{"href":"https:\/\/www.egemtv.com\/index.php?rest_route=%2Fwp%2Fv2%2Fmedia&parent=40389"}],"wp:term":[{"taxonomy":"category","embeddable":true,"href":"https:\/\/www.egemtv.com\/index.php?rest_route=%2Fwp%2Fv2%2Fcategories&post=40389"},{"taxonomy":"post_tag","embeddable":true,"href":"https:\/\/www.egemtv.com\/index.php?rest_route=%2Fwp%2Fv2%2Ftags&post=40389"}],"curies":[{"name":"wp","href":"https:\/\/api.w.org\/{rel}","templated":true}]}}