{"id":40386,"date":"2025-07-07T12:57:33","date_gmt":"2025-07-07T09:57:33","guid":{"rendered":"https:\/\/www.egemtv.com\/?p=40386"},"modified":"2025-07-07T12:57:39","modified_gmt":"2025-07-07T09:57:39","slug":"baskan-zeyrekin-aile-fertleri-adina-sahte-sosyal-medya-hesabi-acmislar","status":"publish","type":"post","link":"https:\/\/www.egemtv.com\/?p=40386","title":{"rendered":"Ba\u015fkan Zeyrek\u2019in aile fertleri ad\u0131na sahte sosyal medya hesab\u0131 a\u00e7m\u0131\u015flar"},"content":{"rendered":"<p>Hayat\u0131n\u0131 kaybeden Manisa B\u00fcy\u00fck\u015fehir Belediye Ba\u015fkan\u0131 Ferdi Zeyrek\u2019in aile fertleri ad\u0131na a\u00e7\u0131lan sosyal medya hesaplar\u0131yla ilgili aile fertleri ve avukat\u0131 taraf\u0131ndan su\u00e7 duyurusunda bulunuldu. Savc\u0131l\u0131kta ifade veren Ba\u015fkan Zeyrek\u2019in k\u0131z\u0131 Nehir Zeyrek, &#8220;Babam\u0131n vefat\u0131ndan sonra a\u00e7\u0131lan sahte sosyal medya hesaplar\u0131yla ilgili su\u00e7 duyurusunda bulunduk&#8221; dedi.<br \/>\n<br \/>Ge\u00e7ti\u011fimiz haziran ay\u0131nda elektrik ak\u0131m\u0131na kap\u0131larak hayat\u0131n\u0131 kaybeden Manisa B\u00fcy\u00fck\u015fehir Belediye Ba\u015fkan\u0131 Ferdi Zeyrek \u00fczerinden prim yapmaya \u00e7al\u0131\u015fan duyars\u0131z \u015fah\u0131slar, Ba\u015fkan Zeyrek\u2019in ailesi ad\u0131na sosyal medya hesaplar\u0131 a\u00e7maya ba\u015flad\u0131. Bir yandan yaralar\u0131n\u0131 sarmaya \u00e7al\u0131\u015fan aile bir yandan da adlar\u0131n a\u00e7\u0131lan sahte sosyal medya hesaplar\u0131yla m\u00fccadele etmek durumunda kald\u0131.<br \/>\n<br \/>Babas\u0131n\u0131n vefat\u0131 sonras\u0131 ad\u0131na sosyal medya hesaplar\u0131 a\u00e7\u0131ld\u0131\u011f\u0131n\u0131 ve bu durumla ilgili olarak su\u00e7 duyurusunda bulunduklar\u0131n\u0131 s\u00f6yleyen ba\u015fkan Zeyrek\u2019in k\u0131z\u0131 Nehir Zeyrek, bu hesaplara itibar edilmemesini istedi. Nehir Zeyrek, &#8220;Babam\u0131n vefat\u0131ndan sonra ad\u0131ma a\u00e7\u0131lan sosyal medya hesaplar\u0131yla ilgili su\u00e7 duyurusunda bulunmu\u015ftuk. Onunla ilgili ifade verdik. Benim resmi sosyal medya hesab\u0131m d\u0131\u015f\u0131ndaki sosyal medya hesaplar\u0131n\u0131n ve payla\u015f\u0131mlar\u0131n dikkate al\u0131nmamas\u0131n\u0131 istiyorum&#8221; dedi.<br \/>\n<br \/>Sahte sosyal medya hesaplar\u0131yla alakal\u0131 hukuki s\u00fcreci s\u00fcrd\u00fcreceklerini s\u00f6yleyen ailenin avukat\u0131 Necibe Karao\u011flanlar Hasg\u00f6r, &#8220;Manisa B\u00fcy\u00fck\u015fehir Belediye Ba\u015fkan\u0131m\u0131z Ferdi Zeyrek\u2019in vefat\u0131ndan sonra ailenin mahrem g\u00f6r\u00fcnt\u00fclerini i\u00e7eren, kendilerinin bilgileri haricinde a\u00e7\u0131lan sosyal medya hesaplar\u0131n\u0131n kapat\u0131lmas\u0131 amac\u0131yla su\u00e7 duyurusunda bulunmu\u015ftuk. Bug\u00fcn de bu konuyla ilgili ifade vermeye geldik. Bizim herkesten ricam\u0131z Nehir Zeyrek\u2019in \u015fahsi hesab\u0131 haricinde hi\u00e7 bir sosyal medya hesab\u0131na itibar etmemelerini ve t\u00fcm bu s\u00fcre\u00e7te hukuki m\u00fccadelemizi s\u00fcrd\u00fcrece\u011fimizi bilmelerini istiyoruz&#8221; diye konu\u015ftu.<br \/><\/p>\n","protected":false},"excerpt":{"rendered":"<p>Hayat\u0131n\u0131 kaybeden Manisa B\u00fcy\u00fck\u015fehir Belediye Ba\u015fkan\u0131 Ferdi Zeyrek\u2019in aile fertleri ad\u0131na a\u00e7\u0131lan sosyal medya hesaplar\u0131yla ilgili aile fertleri ve avukat\u0131 taraf\u0131ndan su\u00e7 duyurusunda bulunuldu. Savc\u0131l\u0131kta ifade veren Ba\u015fkan Zeyrek\u2019in k\u0131z\u0131 Nehir Zeyrek, &#8220;Babam\u0131n vefat\u0131ndan sonra a\u00e7\u0131lan sahte sosyal medya hesaplar\u0131yla ilgili su\u00e7 duyurusunda bulunduk&#8221; dedi. Ge\u00e7ti\u011fimiz haziran ay\u0131nda elektrik ak\u0131m\u0131na kap\u0131larak hayat\u0131n\u0131 kaybeden Manisa B\u00fcy\u00fck\u015fehir&#8230;<\/p>\n","protected":false},"author":1,"featured_media":40387,"comment_status":"open","ping_status":"open","sticky":false,"template":"","format":"standard","meta":{"_crdt_document":"","footnotes":""},"categories":[5],"tags":[],"class_list":["post-40386","post","type-post","status-publish","format-standard","has-post-thumbnail","hentry","category-asayis"],"_links":{"self":[{"href":"https:\/\/www.egemtv.com\/index.php?rest_route=\/wp\/v2\/posts\/40386","targetHints":{"allow":["GET"]}}],"collection":[{"href":"https:\/\/www.egemtv.com\/index.php?rest_route=\/wp\/v2\/posts"}],"about":[{"href":"https:\/\/www.egemtv.com\/index.php?rest_route=\/wp\/v2\/types\/post"}],"author":[{"embeddable":true,"href":"https:\/\/www.egemtv.com\/index.php?rest_route=\/wp\/v2\/users\/1"}],"replies":[{"embeddable":true,"href":"https:\/\/www.egemtv.com\/index.php?rest_route=%2Fwp%2Fv2%2Fcomments&post=40386"}],"version-history":[{"count":1,"href":"https:\/\/www.egemtv.com\/index.php?rest_route=\/wp\/v2\/posts\/40386\/revisions"}],"predecessor-version":[{"id":40388,"href":"https:\/\/www.egemtv.com\/index.php?rest_route=\/wp\/v2\/posts\/40386\/revisions\/40388"}],"wp:featuredmedia":[{"embeddable":true,"href":"https:\/\/www.egemtv.com\/index.php?rest_route=\/wp\/v2\/media\/40387"}],"wp:attachment":[{"href":"https:\/\/www.egemtv.com\/index.php?rest_route=%2Fwp%2Fv2%2Fmedia&parent=40386"}],"wp:term":[{"taxonomy":"category","embeddable":true,"href":"https:\/\/www.egemtv.com\/index.php?rest_route=%2Fwp%2Fv2%2Fcategories&post=40386"},{"taxonomy":"post_tag","embeddable":true,"href":"https:\/\/www.egemtv.com\/index.php?rest_route=%2Fwp%2Fv2%2Ftags&post=40386"}],"curies":[{"name":"wp","href":"https:\/\/api.w.org\/{rel}","templated":true}]}}