{"id":40383,"date":"2025-07-07T12:37:11","date_gmt":"2025-07-07T09:37:11","guid":{"rendered":"https:\/\/www.egemtv.com\/?p=40383"},"modified":"2025-07-07T12:37:16","modified_gmt":"2025-07-07T09:37:16","slug":"huzurevi-yenileniyor-modern-ve-konforlu-bir-alan-icin-ilk-adim-atildi","status":"publish","type":"post","link":"https:\/\/www.egemtv.com\/?p=40383","title":{"rendered":"Huzurevi Yenileniyor: Modern ve konforlu bir alan i\u00e7in ilk ad\u0131m at\u0131ld\u0131"},"content":{"rendered":"<p>Mu\u011fla B\u00fcy\u00fck\u015fehir Belediyesi m\u00fclkiyetinde bulunan Abide H. Nuri \u00d6nc\u00fcer Huzurevi, Ya\u015fl\u0131 Bak\u0131m ve Rehabilitasyon Merkezi ile Aile Hekimli\u011fi binas\u0131, deprem y\u00f6netmeli\u011fi do\u011frultusunda yap\u0131lan incelemeler sonucunda depreme dayan\u0131ks\u0131z bulunarak yeniden yap\u0131lmak \u00fczere y\u0131k\u0131lmaya ba\u015fland\u0131. Y\u0131k\u0131m\u0131na ba\u015flanan  yap\u0131n\u0131n, yakla\u015f\u0131k iki ay i\u00e7inde tamamen kald\u0131r\u0131lmas\u0131 planlan\u0131yor.<br \/>\n<br \/>Y\u0131k\u0131m\u0131n ard\u0131ndan ayn\u0131 parselde in\u015fa edilecek yeni yap\u0131, 3 bloktan ve toplam 5 kat olarak hizmet verecek. Toplamda 9 bin 514 metrekare kapal\u0131 in\u015faat alan\u0131na sahip olacak yeni huzurevi ve bak\u0131m merkezi, ya\u015fl\u0131 bireylerin fiziksel, sosyal ve psikolojik ihtiya\u00e7lar\u0131na yan\u0131t verecek \u015fekilde planland\u0131.<br \/>\n<br \/>Yeni merkez; sa\u011fl\u0131k birimleri, sosyal alanlar ve konforlu konaklama imk\u00e2nlar\u0131yla hizmet verecek.<br \/>\n<br \/>Yeni tesis tamamland\u0131\u011f\u0131nda; modern donan\u0131m\u0131, sosyal alanlar\u0131 ve sa\u011fl\u0131k hizmet birimleriyle, Mu\u011fla\u2019daki ya\u015fl\u0131 bireylerin ya\u015fam kalitesine \u00f6nemli katk\u0131 sa\u011flayacak kapsaml\u0131 bir merkez haline gelecek.<br \/>\n<br \/>Sa\u011fl\u0131k hizmetleri kapsam\u0131nda: doktor, hem\u015fire, fizyoterapist, psikolog veya psikiyatrist, m\u00fc\u015fahade alan\u0131 ve ge\u00e7ici muhafaza odas\u0131 bulunacak. G\u00fcnd\u00fczl\u00fc bak\u0131m \u00fcnitesinde: dinlenme odalar\u0131, grup \u00e7al\u0131\u015fma alan\u0131 ve ya\u015fl\u0131 bak\u0131m b\u00f6l\u00fcmleri yer alacak. Sosyal alanlar olarak: a\u00e7\u0131k ve kapal\u0131 spor alanlar\u0131, sosyalle\u015fme ve dinlenme salonlar\u0131, kuaf\u00f6r ve berber hizmeti sunulacak. Destekleyici hizmet alanlar\u0131nda: \u00e7ama\u015f\u0131rhane, \u00fct\u00fc odas\u0131 ve a\u00e7\u0131k aktivite alanlar\u0131 bulunacak.<br \/>\n<br \/>Ba\u015fkan Aras: &#8220;Ya\u015f alm\u0131\u015f b\u00fcy\u00fcklerimiz i\u00e7in daha g\u00fcvenli ve \u00e7a\u011fda\u015f bir ya\u015fam alan\u0131 in\u015fa ediyoruz&#8221;<br \/>\n<br \/>K\u0131y\u0131 Ege Belediyeler Birli\u011fi ve Mu\u011fla B\u00fcy\u00fck\u015fehir Belediye Ba\u015fkan\u0131 Ahmet Aras, y\u0131k\u0131m\u0131 ba\u015flayan Abide H. Nuri \u00d6nc\u00fcer Huzurevi ve Ya\u015fl\u0131 Bak\u0131m Merkeziyle ilgili yapt\u0131\u011f\u0131 a\u00e7\u0131klamada \u015fu ifadeleri kulland\u0131:<br \/>\n<br \/>&#8220;Mevcut binan\u0131n deprem g\u00fcvenli\u011fi a\u00e7\u0131s\u0131ndan yetersiz olmas\u0131, hem sakinlerimizin hem de \u00e7al\u0131\u015fanlar\u0131m\u0131z\u0131n sa\u011fl\u0131\u011f\u0131 ve g\u00fcvenli\u011fi a\u00e7\u0131s\u0131ndan acil bir m\u00fcdahale gerektiriyordu. Bu nedenle h\u0131zl\u0131ca harekete ge\u00e7erek y\u0131k\u0131m s\u00fcrecini ba\u015flatt\u0131k. Yeni projeyle sadece fiziki bir yap\u0131 in\u015fa etmiyoruz; sosyal donat\u0131lar\u0131, sa\u011fl\u0131k birimleri ve bak\u0131m alanlar\u0131yla birlikte, b\u00fcy\u00fcklerimizin huzur i\u00e7inde ya\u015fayabilece\u011fi \u00e7a\u011fda\u015f ve g\u00fcvenli bir ya\u015fam alan\u0131 kuruyoruz. Mu\u011fla\u2019da her ya\u015ftan yurtta\u015f\u0131m\u0131za yak\u0131\u015fan hizmeti sunmak i\u00e7in kararl\u0131l\u0131kla \u00e7al\u0131\u015fmaya devam edece\u011fiz&#8221;<br \/><\/p>\n","protected":false},"excerpt":{"rendered":"<p>Mu\u011fla B\u00fcy\u00fck\u015fehir Belediyesi m\u00fclkiyetinde bulunan Abide H. Nuri \u00d6nc\u00fcer Huzurevi, Ya\u015fl\u0131 Bak\u0131m ve Rehabilitasyon Merkezi ile Aile Hekimli\u011fi binas\u0131, deprem y\u00f6netmeli\u011fi do\u011frultusunda yap\u0131lan incelemeler sonucunda depreme dayan\u0131ks\u0131z bulunarak yeniden yap\u0131lmak \u00fczere y\u0131k\u0131lmaya ba\u015fland\u0131. Y\u0131k\u0131m\u0131na ba\u015flanan yap\u0131n\u0131n, yakla\u015f\u0131k iki ay i\u00e7inde tamamen kald\u0131r\u0131lmas\u0131 planlan\u0131yor. Y\u0131k\u0131m\u0131n ard\u0131ndan ayn\u0131 parselde in\u015fa edilecek yeni yap\u0131, 3 bloktan ve toplam&#8230;<\/p>\n","protected":false},"author":1,"featured_media":40384,"comment_status":"open","ping_status":"open","sticky":false,"template":"","format":"standard","meta":{"_crdt_document":"","footnotes":""},"categories":[123],"tags":[],"class_list":["post-40383","post","type-post","status-publish","format-standard","has-post-thumbnail","hentry","category-gundem"],"_links":{"self":[{"href":"https:\/\/www.egemtv.com\/index.php?rest_route=\/wp\/v2\/posts\/40383","targetHints":{"allow":["GET"]}}],"collection":[{"href":"https:\/\/www.egemtv.com\/index.php?rest_route=\/wp\/v2\/posts"}],"about":[{"href":"https:\/\/www.egemtv.com\/index.php?rest_route=\/wp\/v2\/types\/post"}],"author":[{"embeddable":true,"href":"https:\/\/www.egemtv.com\/index.php?rest_route=\/wp\/v2\/users\/1"}],"replies":[{"embeddable":true,"href":"https:\/\/www.egemtv.com\/index.php?rest_route=%2Fwp%2Fv2%2Fcomments&post=40383"}],"version-history":[{"count":1,"href":"https:\/\/www.egemtv.com\/index.php?rest_route=\/wp\/v2\/posts\/40383\/revisions"}],"predecessor-version":[{"id":40385,"href":"https:\/\/www.egemtv.com\/index.php?rest_route=\/wp\/v2\/posts\/40383\/revisions\/40385"}],"wp:featuredmedia":[{"embeddable":true,"href":"https:\/\/www.egemtv.com\/index.php?rest_route=\/wp\/v2\/media\/40384"}],"wp:attachment":[{"href":"https:\/\/www.egemtv.com\/index.php?rest_route=%2Fwp%2Fv2%2Fmedia&parent=40383"}],"wp:term":[{"taxonomy":"category","embeddable":true,"href":"https:\/\/www.egemtv.com\/index.php?rest_route=%2Fwp%2Fv2%2Fcategories&post=40383"},{"taxonomy":"post_tag","embeddable":true,"href":"https:\/\/www.egemtv.com\/index.php?rest_route=%2Fwp%2Fv2%2Ftags&post=40383"}],"curies":[{"name":"wp","href":"https:\/\/api.w.org\/{rel}","templated":true}]}}