{"id":40380,"date":"2025-07-07T12:37:06","date_gmt":"2025-07-07T09:37:06","guid":{"rendered":"https:\/\/www.egemtv.com\/?p=40380"},"modified":"2025-07-07T12:37:11","modified_gmt":"2025-07-07T09:37:11","slug":"koskteki-gazinoda-oldurulen-ozbek-kadinin-katil-zanlilari-adliyeye-sevk-edildi","status":"publish","type":"post","link":"https:\/\/www.egemtv.com\/?p=40380","title":{"rendered":"K\u00f6\u015fk\u2019teki gazinoda \u00f6ld\u00fcr\u00fclen \u00d6zbek kad\u0131n\u0131n katil zanl\u0131lar\u0131 adliyeye sevk edildi"},"content":{"rendered":"<p>Ayd\u0131n\u2019\u0131n K\u00f6\u015fk il\u00e7esi Yavuzk\u00f6y yak\u0131nlar\u0131nda bulunan gazinoda \u00d6zbekistan uyruklu Muattar Alieva\u2019n\u0131n \u00f6ld\u00fcr\u00fclmesi olay\u0131n\u0131n ard\u0131ndan g\u00f6zalt\u0131na al\u0131nan 5 ki\u015fi adliyeye sevk edildi. Geni\u015f g\u00fcvenlik \u00f6nlemlerinin al\u0131nd\u0131\u011f\u0131 adliye \u00f6n\u00fcnde \u015f\u00fcphelilerin yak\u0131nlar\u0131 ise arbede ya\u015fanmas\u0131na sebep olurken, jandarma ekipleri \u015f\u00fcpheli yak\u0131nlar\u0131n\u0131n ta\u015fk\u0131nl\u0131\u011f\u0131n\u0131 k\u0131sa s\u00fcrede durdurdu.<br \/>\n<br \/>Olay, ge\u00e7ti\u011fimiz 5 Haziran g\u00fcn\u00fc K\u00f6\u015fk il\u00e7esi Yavuzk\u00f6y giri\u015finde faaliyet g\u00f6steren ve olaylar\u0131n adresi haline gelen bir gazinoda gece yar\u0131s\u0131 saat 03.30 s\u0131ralar\u0131nda meydana geldi. Edinilen bilgiye g\u00f6re gazinoda \u00e7al\u0131\u015fan \u00d6zbekistan uyruklu Muattar Alieva, hen\u00fcz bilinmeyen bir nedenle silahla ba\u015f\u0131ndan kur\u015funlanarak \u00f6ld\u00fcr\u00fcld\u00fc. Ya\u015fanan olay\u0131n ard\u0131ndan b\u00f6lgeye sevk edilen jandarma ekiplerince \u00e7al\u0131\u015fma ba\u015flat\u0131ld\u0131. Yap\u0131lan ara\u015ft\u0131rma ve soru\u015fturma sonucu R.Y., K.K., E.K., A.\u00c7. ve A.D. isimli \u015f\u00fcpheliler Ayd\u0131n \u0130l Jandarma Komutanl\u0131\u011f\u0131 JASAT, KOM, \u0130stihbarat Unsurlar\u0131, K\u00f6\u015fk \u0130l\u00e7e Jandarma Komutanl\u0131\u011f\u0131 ile Ayd\u0131n \u0130l Emniyet M\u00fcd\u00fcrl\u00fc\u011f\u00fc Cinayet B\u00fcro Amirli\u011fi ve K\u00f6\u015fk \u0130l\u00e7e Emniyet M\u00fcd\u00fcrl\u00fc\u011f\u00fcnce y\u00fcr\u00fct\u00fclen e\u015fg\u00fcd\u00fcml\u00fc \u00e7al\u0131\u015fmalar sonucu ayn\u0131 g\u00fcn yakaland\u0131. Olayda kullan\u0131ld\u0131\u011f\u0131 de\u011ferlendirilen 9 mm \u00e7ap\u0131nda tabanca da ele ge\u00e7irildi. Yakalanarak g\u00f6zalt\u0131na al\u0131nan 5 \u015f\u00fcpheli gerekli i\u015flemlerinin ard\u0131ndan adliyeye sevk edildi.<br \/>\n<br \/>Ayd\u0131n Adliyesi \u00f6n\u00fcnde jandarma ve polis ekiplerince al\u0131nan geni\u015f g\u00fcvenlik \u00f6nlemleriyle adliyeye getirilen \u015f\u00fcphelilerin, yak\u0131nlar\u0131 ise \u015f\u00fcphelilere yakla\u015fmaya \u00e7al\u0131\u015f\u0131nca k\u0131sa s\u00fcreli arbede ya\u015fand\u0131. Jandarma ve polis ekiplerince \u015f\u00fcpheli yak\u0131nlar\u0131 olay yerinden uzakla\u015ft\u0131r\u0131ld\u0131. Olayla ilgili soru\u015fturma s\u00fcr\u00fcyor.<br \/><\/p>\n","protected":false},"excerpt":{"rendered":"<p>Ayd\u0131n\u2019\u0131n K\u00f6\u015fk il\u00e7esi Yavuzk\u00f6y yak\u0131nlar\u0131nda bulunan gazinoda \u00d6zbekistan uyruklu Muattar Alieva\u2019n\u0131n \u00f6ld\u00fcr\u00fclmesi olay\u0131n\u0131n ard\u0131ndan g\u00f6zalt\u0131na al\u0131nan 5 ki\u015fi adliyeye sevk edildi. Geni\u015f g\u00fcvenlik \u00f6nlemlerinin al\u0131nd\u0131\u011f\u0131 adliye \u00f6n\u00fcnde \u015f\u00fcphelilerin yak\u0131nlar\u0131 ise arbede ya\u015fanmas\u0131na sebep olurken, jandarma ekipleri \u015f\u00fcpheli yak\u0131nlar\u0131n\u0131n ta\u015fk\u0131nl\u0131\u011f\u0131n\u0131 k\u0131sa s\u00fcrede durdurdu. Olay, ge\u00e7ti\u011fimiz 5 Haziran g\u00fcn\u00fc K\u00f6\u015fk il\u00e7esi Yavuzk\u00f6y giri\u015finde faaliyet g\u00f6steren ve olaylar\u0131n&#8230;<\/p>\n","protected":false},"author":1,"featured_media":40381,"comment_status":"open","ping_status":"open","sticky":false,"template":"","format":"standard","meta":{"_crdt_document":"","footnotes":""},"categories":[5],"tags":[],"class_list":["post-40380","post","type-post","status-publish","format-standard","has-post-thumbnail","hentry","category-asayis"],"_links":{"self":[{"href":"https:\/\/www.egemtv.com\/index.php?rest_route=\/wp\/v2\/posts\/40380","targetHints":{"allow":["GET"]}}],"collection":[{"href":"https:\/\/www.egemtv.com\/index.php?rest_route=\/wp\/v2\/posts"}],"about":[{"href":"https:\/\/www.egemtv.com\/index.php?rest_route=\/wp\/v2\/types\/post"}],"author":[{"embeddable":true,"href":"https:\/\/www.egemtv.com\/index.php?rest_route=\/wp\/v2\/users\/1"}],"replies":[{"embeddable":true,"href":"https:\/\/www.egemtv.com\/index.php?rest_route=%2Fwp%2Fv2%2Fcomments&post=40380"}],"version-history":[{"count":1,"href":"https:\/\/www.egemtv.com\/index.php?rest_route=\/wp\/v2\/posts\/40380\/revisions"}],"predecessor-version":[{"id":40382,"href":"https:\/\/www.egemtv.com\/index.php?rest_route=\/wp\/v2\/posts\/40380\/revisions\/40382"}],"wp:featuredmedia":[{"embeddable":true,"href":"https:\/\/www.egemtv.com\/index.php?rest_route=\/wp\/v2\/media\/40381"}],"wp:attachment":[{"href":"https:\/\/www.egemtv.com\/index.php?rest_route=%2Fwp%2Fv2%2Fmedia&parent=40380"}],"wp:term":[{"taxonomy":"category","embeddable":true,"href":"https:\/\/www.egemtv.com\/index.php?rest_route=%2Fwp%2Fv2%2Fcategories&post=40380"},{"taxonomy":"post_tag","embeddable":true,"href":"https:\/\/www.egemtv.com\/index.php?rest_route=%2Fwp%2Fv2%2Ftags&post=40380"}],"curies":[{"name":"wp","href":"https:\/\/api.w.org\/{rel}","templated":true}]}}