{"id":40377,"date":"2025-07-07T12:37:00","date_gmt":"2025-07-07T09:37:00","guid":{"rendered":"https:\/\/www.egemtv.com\/?p=40377"},"modified":"2025-07-07T12:37:06","modified_gmt":"2025-07-07T09:37:06","slug":"mugla-buyuksehirden-ipekbocekciligine-tam-destek","status":"publish","type":"post","link":"https:\/\/www.egemtv.com\/?p=40377","title":{"rendered":"Mu\u011fla B\u00fcy\u00fck\u015fehir\u2019den ipekb\u00f6cek\u00e7ili\u011fine tam destek"},"content":{"rendered":"<p>Mu\u011fla\u2019n\u0131n kadim ge\u00e7im kaynaklar\u0131ndan biri olan ipekb\u00f6cek\u00e7ili\u011fini canland\u0131rmak amac\u0131yla dut fidan\u0131 dikimi, besleme evi ve \u00fcretici e\u011fitimi gibi desteklerle \u00fcretim yeniden canlan\u0131yor.<br \/>\n<br \/>Mu\u011fla B\u00fcy\u00fck\u015fehir Belediyesi, ilin geleneksel tar\u0131msal faaliyetlerinden biri olan ipekb\u00f6cek\u00e7ili\u011fini yeniden canland\u0131rmak ve katma de\u011ferli \u00fcr\u00fcn \u00fcretimini te\u015fvik etmek amac\u0131yla desteklerine devam ediyor. Dut fidan\u0131 dikimi, ipekb\u00f6ce\u011fi besleme evi kurulumu, e\u011fitimler ve \u00fcretim \u00e7ad\u0131rlar\u0131yla s\u00fcrd\u00fcr\u00fclen bu kapsaml\u0131 \u00e7al\u0131\u015fmayla ipekb\u00f6ce\u011fi \u00fcreticilerinin ekonomiye kat\u0131l\u0131m\u0131 destekleniyor.<br \/>\n<br \/>\u0130pekb\u00f6cek\u00e7ili\u011fine tam destek<br \/>\n<br \/>Destek kapsam\u0131nda, Seydikemer \u00c7obanlar Mahallesi\u2019nde m\u00fclkiyeti B\u00fcy\u00fck\u015fehir\u2019e ait araziye 3 bin 300 dut fidan\u0131 dikilirken, ayn\u0131 alanda 100 metrekarelik bir ipekb\u00f6ce\u011fi besleme evi olu\u015fturuldu. Ayr\u0131ca Mente\u015fe Belediyesi i\u015f birli\u011fiyle, Bay\u0131r Mahallesi Ye\u015filyurt Mevkiinde 4 bin 600 metrekare, Bay\u0131r Mahallesinde ise 12 bin 400 metrekarelik alana dut fidanlar\u0131 dikildi ve bu alanlara da modern besleme evleri in\u015fa edildi.<br \/>\n<br \/>\u0130pekb\u00f6cek\u00e7ili\u011fini geli\u015ftirmek amac\u0131yla B\u00fcy\u00fck\u015fehre ait Yata\u011fan Bah\u00e7eyaka Mahallesindeki Ak\u0131ll\u0131 Tar\u0131m \u00c7iftli\u011finde dut fidan\u0131 \u00fcretimi devam ediyor ve talepte bulunan \u00fcreticilere \u00fccretsiz fidan temini sa\u011flan\u0131yor.<br \/>\n<br \/>\u00dcretici Melahat Yal\u0131nk\u0131l\u0131\u00e7 verilen e\u011fitimlerin ard\u0131ndan \u00fcretime ba\u015flad\u0131klar\u0131n\u0131 s\u00f6yledi: &#8220;Belediyemizin verdi\u011fi destekle b\u00f6yle bir ipek b\u00f6ce\u011fine ba\u015flad\u0131k. Belediyemiz bize \u00f6nce e\u011fitim verdi, sonra yerimizi verdi, bah\u00e7emizi verdi. Belediye ba\u015fkan\u0131m\u0131za bize destek oldu\u011fu i\u00e7in \u00e7ok te\u015fekk\u00fcr ederiz&#8221; dedi.<br \/>\n<br \/>Mu\u011fla B\u00fcy\u00fck\u015fehir Belediyesi Ziraat M\u00fchendisi Serkan Y\u0131lmaz,  &#8220;K\u0131sa s\u00fcrede ciddi anlamda mali y\u00f6nden art\u0131 de\u011fer sa\u011flayan bir faaliyettir bu. B\u00fcy\u00fck\u015fehir Belediyesi olarak \u00fcreticilerimize yal\u0131t\u0131ml\u0131 ipek b\u00f6ce\u011fi besleme \u00e7ad\u0131r\u0131 imkan\u0131 sa\u011flad\u0131k. Hem burada daha modern ve steril bir ortamda bu b\u00f6ceklerin yeti\u015ftirilme imkan\u0131 sa\u011flanm\u0131\u015f oluyor. B\u00fcy\u00fck\u015fehir Belediyemizin tar\u0131m arazilerinin dut fidanlar\u0131n\u0131n dikimlerini yapt\u0131k. B\u00f6ylelikle \u00fcreticilerimiz hayvanlar\u0131 beslemede kullanabilecek yapra\u011fa ula\u015f\u0131mda da zorluk ya\u015fam\u0131yor. Bu alternatif tar\u0131m modelinin iyile\u015ftirilmesi ve geli\u015ftirilmesinin \u00e7al\u0131\u015fmalar\u0131n\u0131za devam ediyoruz&#8221; dedi.<br \/>\n<br \/>K\u0131y\u0131 Ege Belediyeler Birli\u011fi ve Mu\u011fla B\u00fcy\u00fck\u015fehir Belediye Ba\u015fkan\u0131 Ahmet Aras, y\u00fcr\u00fct\u00fclen \u00e7al\u0131\u015fmalar\u0131n yaln\u0131zca bir tar\u0131m projesi olmad\u0131\u011f\u0131n\u0131, ayn\u0131 zamanda bir k\u00fclt\u00fcrel miras koruma modeli oldu\u011funu belirtti. Ba\u015fkan Aras, \u0130pekb\u00f6cek\u00e7ili\u011finin Mu\u011fla\u2019n\u0131n tarihinden, k\u00fclt\u00fcr\u00fcnden gelen \u00e7ok \u00f6zel bir \u00fcretim modeli oldu\u011funu, Mu\u011fla B\u00fcy\u00fck\u015fehir Belediyesi olarak bu gelene\u011fi sadece ya\u015fatmakla kalmad\u0131klar\u0131n\u0131, modernize ederek gelecek ku\u015faklara aktard\u0131klar\u0131n\u0131 a\u00e7\u0131klad\u0131.<br \/><\/p>\n","protected":false},"excerpt":{"rendered":"<p>Mu\u011fla\u2019n\u0131n kadim ge\u00e7im kaynaklar\u0131ndan biri olan ipekb\u00f6cek\u00e7ili\u011fini canland\u0131rmak amac\u0131yla dut fidan\u0131 dikimi, besleme evi ve \u00fcretici e\u011fitimi gibi desteklerle \u00fcretim yeniden canlan\u0131yor. Mu\u011fla B\u00fcy\u00fck\u015fehir Belediyesi, ilin geleneksel tar\u0131msal faaliyetlerinden biri olan ipekb\u00f6cek\u00e7ili\u011fini yeniden canland\u0131rmak ve katma de\u011ferli \u00fcr\u00fcn \u00fcretimini te\u015fvik etmek amac\u0131yla desteklerine devam ediyor. Dut fidan\u0131 dikimi, ipekb\u00f6ce\u011fi besleme evi kurulumu, e\u011fitimler ve \u00fcretim&#8230;<\/p>\n","protected":false},"author":1,"featured_media":40378,"comment_status":"open","ping_status":"open","sticky":false,"template":"","format":"standard","meta":{"_crdt_document":"","footnotes":""},"categories":[125],"tags":[],"class_list":["post-40377","post","type-post","status-publish","format-standard","has-post-thumbnail","hentry","category-ekonomi"],"_links":{"self":[{"href":"https:\/\/www.egemtv.com\/index.php?rest_route=\/wp\/v2\/posts\/40377","targetHints":{"allow":["GET"]}}],"collection":[{"href":"https:\/\/www.egemtv.com\/index.php?rest_route=\/wp\/v2\/posts"}],"about":[{"href":"https:\/\/www.egemtv.com\/index.php?rest_route=\/wp\/v2\/types\/post"}],"author":[{"embeddable":true,"href":"https:\/\/www.egemtv.com\/index.php?rest_route=\/wp\/v2\/users\/1"}],"replies":[{"embeddable":true,"href":"https:\/\/www.egemtv.com\/index.php?rest_route=%2Fwp%2Fv2%2Fcomments&post=40377"}],"version-history":[{"count":1,"href":"https:\/\/www.egemtv.com\/index.php?rest_route=\/wp\/v2\/posts\/40377\/revisions"}],"predecessor-version":[{"id":40379,"href":"https:\/\/www.egemtv.com\/index.php?rest_route=\/wp\/v2\/posts\/40377\/revisions\/40379"}],"wp:featuredmedia":[{"embeddable":true,"href":"https:\/\/www.egemtv.com\/index.php?rest_route=\/wp\/v2\/media\/40378"}],"wp:attachment":[{"href":"https:\/\/www.egemtv.com\/index.php?rest_route=%2Fwp%2Fv2%2Fmedia&parent=40377"}],"wp:term":[{"taxonomy":"category","embeddable":true,"href":"https:\/\/www.egemtv.com\/index.php?rest_route=%2Fwp%2Fv2%2Fcategories&post=40377"},{"taxonomy":"post_tag","embeddable":true,"href":"https:\/\/www.egemtv.com\/index.php?rest_route=%2Fwp%2Fv2%2Ftags&post=40377"}],"curies":[{"name":"wp","href":"https:\/\/api.w.org\/{rel}","templated":true}]}}