{"id":40350,"date":"2025-07-07T11:15:48","date_gmt":"2025-07-07T08:15:48","guid":{"rendered":"https:\/\/www.egemtv.com\/?p=40350"},"modified":"2025-07-07T11:15:54","modified_gmt":"2025-07-07T08:15:54","slug":"prof-dr-huseyin-seyhanlioglu-40-yillik-terorun-ardinda-emperyalist-planlar-var","status":"publish","type":"post","link":"https:\/\/www.egemtv.com\/?p=40350","title":{"rendered":"Prof. Dr. H\u00fcseyin \u015eeyhanl\u0131o\u011flu: &#8220;40 y\u0131ll\u0131k ter\u00f6r\u00fcn ard\u0131nda emperyalist planlar var&#8221;"},"content":{"rendered":"<p>K\u00fctahya Dumlup\u0131nar \u00dcniversitesi (DP\u00dc) Uygulama ve Ara\u015ft\u0131rma Merkezleri Koordinat\u00f6r\u00fc ve Siyaset Bilimi Uzman\u0131 Prof. Dr. H\u00fcseyin \u015eeyhanl\u0131o\u011flu, T\u00fcrkiye\u2019nin 40 y\u0131l\u0131 a\u015fk\u0131n s\u00fcredir ter\u00f6rle m\u00fccadele etti\u011fini belirterek, bu s\u00fcrecin \u00fclkeye yakla\u015f\u0131k 2 trilyon dolarl\u0131k maliyeti oldu\u011funu s\u00f6yledi. \u015eeyhanl\u0131o\u011flu, &#8220;Bu sorunun art\u0131k son bulmas\u0131 gerekiyor&#8221; dedi.<br \/>\n<br \/>Prof. Dr. \u015eeyhanl\u0131o\u011flu, PKK ve benzeri \u00f6rg\u00fctlerin Bat\u0131l\u0131 \u00fclkeler ve \u0130srail taraf\u0131ndan do\u011frudan desteklendi\u011fini savunarak, &#8220;Bu desteklerin amac\u0131 Orta Do\u011fu\u2019da s\u0131n\u0131rlar\u0131 yeniden \u00e7izmek ve b\u00f6lgeyi par\u00e7alamakt\u0131r. ABD ve \u0130srail\u2019in bu co\u011frafyada uygulamaya koydu\u011fu B\u00fcy\u00fck Ortado\u011fu Projesi, 22 \u00fclkenin s\u0131n\u0131rlar\u0131n\u0131 de\u011fi\u015ftirmeyi hedefliyor&#8221; ifadelerini kulland\u0131.<br \/>\n<br \/>T\u00fcrkiye\u2019nin 2012 y\u0131l\u0131nda ba\u015flatt\u0131\u011f\u0131 \u00e7\u00f6z\u00fcm s\u00fcrecinin \u00f6nemli bir ad\u0131m oldu\u011funu ancak i\u00e7erdeki baz\u0131 yap\u0131lar\u0131n s\u00fcreci sabote etti\u011fini s\u00f6yleyen \u015eeyhanl\u0131o\u011flu, &#8220;FET\u00d6 yap\u0131lanmas\u0131 ve di\u011fer d\u0131\u015f destekli unsurlar \u00e7\u00f6z\u00fcm s\u00fcrecini baltalad\u0131. PKK da bar\u0131\u015f\u0131 istemedi. Bu y\u00fczden s\u00fcre\u00e7 tamamlanamad\u0131&#8221; dedi.<br \/>\n<br \/>\u00c7\u00f6z\u00fcm s\u00fcrecinin sona ermesinin ard\u0131ndan b\u00f6lgedeki dengelerin de\u011fi\u015fti\u011fine i\u015faret eden \u015eeyhanl\u0131o\u011flu, 6-8 Ekim olaylar\u0131 ve Kobani s\u00fcreciyle birlikte s\u00fcrecin \u015fiddet sarmal\u0131na d\u00f6n\u00fc\u015ft\u00fc\u011f\u00fcn\u00fc belirtti.<\/p>\n<p>&#8220;Suriye\u2019de yeni bir yap\u0131lanma tehlikesi&#8221;<br \/>\n<br \/>Suriye\u2019de PYD\u2019nin Demokratik Suriye G\u00fc\u00e7leri (DSG) ad\u0131 alt\u0131nda yeni bir yap\u0131lanmaya d\u00f6n\u00fc\u015ft\u00fc\u011f\u00fcn\u00fc ifade eden \u015eeyhanl\u0131o\u011flu, bu olu\u015fumun ABD deste\u011fiyle g\u00fc\u00e7lendirildi\u011fini, hatta a\u011f\u0131r silahlarla donat\u0131ld\u0131\u011f\u0131n\u0131 belirtti. Suriye\u2019nin kuzeyinde kurulmak istenen yap\u0131n\u0131n hem T\u00fcrkiye\u2019nin hem de b\u00f6lgenin gelece\u011fi i\u00e7in ciddi bir tehdit olu\u015fturdu\u011funu vurgulad\u0131.<br \/>\n<br \/>&#8220;PYD, silah b\u0131rakmaya yana\u015fm\u0131yor. G\u00f6r\u00fcn\u00fcrde bar\u0131\u015f konu\u015fulsa da nihai hedef b\u00f6l\u00fcnm\u00fc\u015f bir Orta Do\u011fu\u2019dur. Irak\u2019ta ve Suriye\u2019de etnik temelli yap\u0131lar kurmak, sadece b\u00f6lge halk\u0131na de\u011fil, K\u00fcrtlere de zarar verir&#8221; diyen \u015eeyhanl\u0131o\u011flu, mikro milliyet\u00e7ili\u011fin Ortado\u011fu\u2019da istikrars\u0131zl\u0131\u011f\u0131 derinle\u015ftirece\u011fini kaydetti.<\/p>\n<p>&#8220;Bereketli Hilal Birli\u011fi kurulmal\u0131&#8221;<br \/>\n<br \/>\u015eeyhanl\u0131o\u011flu, T\u00fcrkiye\u2019nin \u00e7\u00f6z\u00fcm s\u00fcrecinin Suriye ve Irak\u2019\u0131 da kapsayacak \u015fekilde geni\u015fletilmesi gerekti\u011fini vurgulad\u0131. \u015eeyhanl\u0131o\u011flu, Cumhurba\u015fkan\u0131 Erdo\u011fan ve MHP Genel Ba\u015fkan\u0131 Devlet Bah\u00e7eli\u2019nin \u00f6nc\u00fcl\u00fc\u011f\u00fcnde yeni bir b\u00f6lgesel i\u015fbirli\u011fi s\u00fcrecinin ba\u015flat\u0131lmas\u0131n\u0131n \u00f6nemli oldu\u011funu s\u00f6yledi.<br \/>\n<br \/>&#8220;Bereketli Hilal Birli\u011fi&#8221; olarak adland\u0131rd\u0131\u011f\u0131 b\u00f6lgesel entegrasyon \u00f6nerisini dile getiren Prof. Dr. \u015eeyhanl\u0131o\u011flu, bu yap\u0131n\u0131n Avrupa\u2019daki Schengen Anla\u015fmas\u0131 gibi mal, hizmet ve insan dola\u015f\u0131m\u0131n\u0131 kolayla\u015ft\u0131rabilece\u011fini ifade etti.<br \/>\n<br \/>Irak \u00fczerinden T\u00fcrkiye\u2019ye ba\u011flanan Kalk\u0131nma Yolu Projesi\u2019nin b\u00f6lgeye ekonomik canl\u0131l\u0131k getirdi\u011fini belirten \u015eeyhanl\u0131o\u011flu, projenin Suriye\u2019ye de entegre edilmesi gerekti\u011fini s\u00f6yledi. &#8220;Suriye\u2019nin topra\u011f\u0131, suyu ve enerjisi var. Bu kaynaklar b\u00f6lge halk\u0131 i\u00e7in kullan\u0131lmal\u0131, Amerika ve \u0130srail\u2019in pay\u0131na de\u011fil&#8221; diye konu\u015ftu.<\/p>\n<p>&#8220;Asker\u00ee ve diplomatik ad\u0131mlar \u015fart&#8221;<br \/>\n<br \/>Orta Do\u011fu\u2019da ya\u015fanan geli\u015fmelerin merkezinde Kud\u00fcs\u2019\u00fcn yer ald\u0131\u011f\u0131n\u0131 ifade eden \u015eeyhanl\u0131o\u011flu, \u0130srail\u2019in Bat\u0131 \u015eeria\u2019y\u0131 ilhak planlar\u0131n\u0131n b\u00f6lgeyi daha da kar\u0131\u015ft\u0131raca\u011f\u0131n\u0131 s\u00f6yledi. Bu nedenle T\u00fcrkiye\u2019nin askeri ve diplomatik olarak daha etkin bir pozisyon almas\u0131 gerekti\u011fini vurgulad\u0131.<br \/>\n<br \/>&#8220;Bu co\u011frafya ya u\u00e7uruma s\u00fcr\u00fcklenecek ya da bir y\u00fckseli\u015f ya\u015fayacak. Bizler, M\u00fcsl\u00fcman halklar olarak, T\u00fcrk\u2019\u00fcyle, K\u00fcrt\u2019\u00fcyle, Arap\u2019\u0131yla, \u015eii\u2019si ve S\u00fcnni\u2019siyle karde\u015f\u00e7e bir gelecek in\u015fa etmek zorunday\u0131z&#8221; dedi.<br \/><\/p>\n","protected":false},"excerpt":{"rendered":"<p>K\u00fctahya Dumlup\u0131nar \u00dcniversitesi (DP\u00dc) Uygulama ve Ara\u015ft\u0131rma Merkezleri Koordinat\u00f6r\u00fc ve Siyaset Bilimi Uzman\u0131 Prof. Dr. H\u00fcseyin \u015eeyhanl\u0131o\u011flu, T\u00fcrkiye\u2019nin 40 y\u0131l\u0131 a\u015fk\u0131n s\u00fcredir ter\u00f6rle m\u00fccadele etti\u011fini belirterek, bu s\u00fcrecin \u00fclkeye yakla\u015f\u0131k 2 trilyon dolarl\u0131k maliyeti oldu\u011funu s\u00f6yledi. \u015eeyhanl\u0131o\u011flu, &#8220;Bu sorunun art\u0131k son bulmas\u0131 gerekiyor&#8221; dedi. Prof. Dr. \u015eeyhanl\u0131o\u011flu, PKK ve benzeri \u00f6rg\u00fctlerin Bat\u0131l\u0131 \u00fclkeler ve \u0130srail&#8230;<\/p>\n","protected":false},"author":1,"featured_media":40351,"comment_status":"open","ping_status":"open","sticky":false,"template":"","format":"standard","meta":{"_crdt_document":"","footnotes":""},"categories":[1],"tags":[],"class_list":["post-40350","post","type-post","status-publish","format-standard","has-post-thumbnail","hentry","category-guncel"],"_links":{"self":[{"href":"https:\/\/www.egemtv.com\/index.php?rest_route=\/wp\/v2\/posts\/40350","targetHints":{"allow":["GET"]}}],"collection":[{"href":"https:\/\/www.egemtv.com\/index.php?rest_route=\/wp\/v2\/posts"}],"about":[{"href":"https:\/\/www.egemtv.com\/index.php?rest_route=\/wp\/v2\/types\/post"}],"author":[{"embeddable":true,"href":"https:\/\/www.egemtv.com\/index.php?rest_route=\/wp\/v2\/users\/1"}],"replies":[{"embeddable":true,"href":"https:\/\/www.egemtv.com\/index.php?rest_route=%2Fwp%2Fv2%2Fcomments&post=40350"}],"version-history":[{"count":1,"href":"https:\/\/www.egemtv.com\/index.php?rest_route=\/wp\/v2\/posts\/40350\/revisions"}],"predecessor-version":[{"id":40352,"href":"https:\/\/www.egemtv.com\/index.php?rest_route=\/wp\/v2\/posts\/40350\/revisions\/40352"}],"wp:featuredmedia":[{"embeddable":true,"href":"https:\/\/www.egemtv.com\/index.php?rest_route=\/wp\/v2\/media\/40351"}],"wp:attachment":[{"href":"https:\/\/www.egemtv.com\/index.php?rest_route=%2Fwp%2Fv2%2Fmedia&parent=40350"}],"wp:term":[{"taxonomy":"category","embeddable":true,"href":"https:\/\/www.egemtv.com\/index.php?rest_route=%2Fwp%2Fv2%2Fcategories&post=40350"},{"taxonomy":"post_tag","embeddable":true,"href":"https:\/\/www.egemtv.com\/index.php?rest_route=%2Fwp%2Fv2%2Ftags&post=40350"}],"curies":[{"name":"wp","href":"https:\/\/api.w.org\/{rel}","templated":true}]}}