{"id":40347,"date":"2025-07-07T10:57:02","date_gmt":"2025-07-07T07:57:02","guid":{"rendered":"https:\/\/www.egemtv.com\/?p=40347"},"modified":"2025-07-07T10:57:07","modified_gmt":"2025-07-07T07:57:07","slug":"milli-yuzuculerden-avrupa-gencler-yuzme-sampiyonasinda-bronz-madalya","status":"publish","type":"post","link":"https:\/\/www.egemtv.com\/?p=40347","title":{"rendered":"Milli y\u00fcz\u00fcc\u00fclerden Avrupa Gen\u00e7ler Y\u00fczme \u015eampiyonas\u0131\u2019nda bronz madalya"},"content":{"rendered":"<p>1-6 Temmuz 2025 tarihleri aras\u0131nda Slovakya\u2019n\u0131n Samorin kentinde ger\u00e7ekle\u015ftirilen Avrupa Gen\u00e7ler Y\u00fczme \u015eampiyonas\u0131\u2019nda Y\u00fczme Milli Tak\u0131mla birlikte yer alan sporcu Ahmet Mete Boylu; 4&#215;200 m serbest bayrak yar\u0131\u015f\u0131nda \u00fc\u00e7\u00fcnc\u00fcl\u00fck elde ederek \u00f6nemli bir ba\u015far\u0131ya imza att\u0131.<\/p>\n<p>Avrupa Gen\u00e7ler Y\u00fczme \u015eampiyonas\u0131, 1-6 Temmuz 2025 tarihleri aras\u0131nda Slovakya\u2019n\u0131n Samorin kentinde ger\u00e7ekle\u015ftirildi. 45 \u00fclkeden 662 sporcunun m\u00fccadele etti\u011fi yar\u0131\u015fmalarda Y\u00fczme Milli Tak\u0131mla birlikte yer alan sporcu Ahmet Mete Boylu; 4&#215;200 m serbest bayrak yar\u0131\u015f\u0131nda \u00fc\u00e7\u00fcnc\u00fcl\u00fck elde ederek \u00f6nemli bir ba\u015far\u0131ya imza att\u0131.<\/p>\n<p>Ahmet Mete\u2019den iki T\u00fcrkiye rekoru<br \/>\n<br \/>200 m serbest yar\u0131\u015f\u0131nda ise \u00f6nce 1:48.25, ard\u0131ndan 1:47.86 y\u00fczerek 17 ya\u015f T\u00fcrkiye rekorunu k\u0131rd\u0131 ve Avrupa d\u00f6rd\u00fcnc\u00fcl\u00fc\u011f\u00fcn\u00fc kazand\u0131.<\/p>\n<p>Ahmet Mete Boylu ve milli sporcular, \u00f6n\u00fcm\u00fczdeki d\u00f6nemde Romanya\u2019da d\u00fczenlenecek D\u00fcnya Gen\u00e7ler Y\u00fczme \u015eampiyonas\u0131\u2019nda \u00fclkemizi temsil etmeye devam edecekler.<br \/><\/p>\n","protected":false},"excerpt":{"rendered":"<p>1-6 Temmuz 2025 tarihleri aras\u0131nda Slovakya\u2019n\u0131n Samorin kentinde ger\u00e7ekle\u015ftirilen Avrupa Gen\u00e7ler Y\u00fczme \u015eampiyonas\u0131\u2019nda Y\u00fczme Milli Tak\u0131mla birlikte yer alan sporcu Ahmet Mete Boylu; 4&#215;200 m serbest bayrak yar\u0131\u015f\u0131nda \u00fc\u00e7\u00fcnc\u00fcl\u00fck elde ederek \u00f6nemli bir ba\u015far\u0131ya imza att\u0131. Avrupa Gen\u00e7ler Y\u00fczme \u015eampiyonas\u0131, 1-6 Temmuz 2025 tarihleri aras\u0131nda Slovakya\u2019n\u0131n Samorin kentinde ger\u00e7ekle\u015ftirildi. 45 \u00fclkeden 662 sporcunun m\u00fccadele etti\u011fi&#8230;<\/p>\n","protected":false},"author":1,"featured_media":40348,"comment_status":"open","ping_status":"open","sticky":false,"template":"","format":"standard","meta":{"_crdt_document":"","footnotes":""},"categories":[4],"tags":[],"class_list":["post-40347","post","type-post","status-publish","format-standard","has-post-thumbnail","hentry","category-spor"],"_links":{"self":[{"href":"https:\/\/www.egemtv.com\/index.php?rest_route=\/wp\/v2\/posts\/40347","targetHints":{"allow":["GET"]}}],"collection":[{"href":"https:\/\/www.egemtv.com\/index.php?rest_route=\/wp\/v2\/posts"}],"about":[{"href":"https:\/\/www.egemtv.com\/index.php?rest_route=\/wp\/v2\/types\/post"}],"author":[{"embeddable":true,"href":"https:\/\/www.egemtv.com\/index.php?rest_route=\/wp\/v2\/users\/1"}],"replies":[{"embeddable":true,"href":"https:\/\/www.egemtv.com\/index.php?rest_route=%2Fwp%2Fv2%2Fcomments&post=40347"}],"version-history":[{"count":1,"href":"https:\/\/www.egemtv.com\/index.php?rest_route=\/wp\/v2\/posts\/40347\/revisions"}],"predecessor-version":[{"id":40349,"href":"https:\/\/www.egemtv.com\/index.php?rest_route=\/wp\/v2\/posts\/40347\/revisions\/40349"}],"wp:featuredmedia":[{"embeddable":true,"href":"https:\/\/www.egemtv.com\/index.php?rest_route=\/wp\/v2\/media\/40348"}],"wp:attachment":[{"href":"https:\/\/www.egemtv.com\/index.php?rest_route=%2Fwp%2Fv2%2Fmedia&parent=40347"}],"wp:term":[{"taxonomy":"category","embeddable":true,"href":"https:\/\/www.egemtv.com\/index.php?rest_route=%2Fwp%2Fv2%2Fcategories&post=40347"},{"taxonomy":"post_tag","embeddable":true,"href":"https:\/\/www.egemtv.com\/index.php?rest_route=%2Fwp%2Fv2%2Ftags&post=40347"}],"curies":[{"name":"wp","href":"https:\/\/api.w.org\/{rel}","templated":true}]}}