{"id":40344,"date":"2025-07-07T10:56:56","date_gmt":"2025-07-07T07:56:56","guid":{"rendered":"https:\/\/www.egemtv.com\/?p=40344"},"modified":"2025-07-07T10:57:01","modified_gmt":"2025-07-07T07:57:01","slug":"altintasta-besi-sigiri-yetistiriciligi-kursu-acildi","status":"publish","type":"post","link":"https:\/\/www.egemtv.com\/?p=40344","title":{"rendered":"Alt\u0131nta\u015f\u2019ta besi s\u0131\u011f\u0131r\u0131 yeti\u015ftiricili\u011fi kursu a\u00e7\u0131ld\u0131"},"content":{"rendered":"<p>K\u00fctahya\u2019n\u0131n Alt\u0131nta\u015f il\u00e7esinde \u0130l\u00e7e Tar\u0131m ve Orman M\u00fcd\u00fcrl\u00fc\u011f\u00fc ve Halk E\u011fitim Merkezi M\u00fcd\u00fcrl\u00fc\u011f\u00fc i\u015fbirli\u011fiyle besi s\u0131\u011f\u0131r\u0131 yeti\u015ftiricili\u011fi kursu a\u00e7\u0131ld\u0131\u011f\u0131 bildirildi.<br \/>\n<br \/>\u0130l\u00e7e Tar\u0131m ve Orman M\u00fcd\u00fcrl\u00fc\u011f\u00fcnde tar\u0131m ve hayvanc\u0131l\u0131k sekt\u00f6rlerinin geli\u015fmesi ve nitelikli \u00fcretici say\u0131s\u0131n\u0131n art\u0131r\u0131lmas\u0131 amac\u0131yla a\u00e7\u0131lan besi s\u0131\u011f\u0131r\u0131 yeti\u015ftiricili\u011fi kursunda kursiyerlere, \u0130l\u00e7e Tar\u0131m M\u00fcd\u00fcr\u00fc Yusuf Ba\u015fan, Ziraat M\u00fchendisi \u0130smail Ersen Atl\u0131 ve Veteriner Hekim S\u00fcleyman Mavi taraf\u0131ndan daha iyi, s\u00fcrd\u00fcr\u00fclebilir, bilin\u00e7li hayvanc\u0131l\u0131k yapmalar\u0131n\u0131 ve kar\u015f\u0131la\u015fm\u0131\u015f olduklar\u0131 sorunlarda nas\u0131l yol izleyecekleri konular\u0131nda bilgi veriliyor.<br \/>\n<br \/>Besi s\u0131\u011f\u0131r\u0131 yeti\u015ftiricili\u011fi kursuyla ilgili bir a\u00e7\u0131klama yapan \u0130l\u00e7e Tar\u0131m M\u00fcd\u00fcr\u00fc Yusuf Ba\u015fan, &#8221; Kursu a\u00e7maktaki amac\u0131m\u0131z il\u00e7emiz \u00e7ift\u00e7ilerinin do\u011fru bir \u015fekilde hayvan yeti\u015ftirme tekniklerini \u00f6\u011frenmesine, hayvanlar\u0131n\u0131n hastalanmas\u0131 durumunda erken m\u00fcdahaleye gerek durumlar\u0131n\u0131 fark edip ilgililerle zaman\u0131nda ileti\u015fime ge\u00e7melerine yard\u0131mc\u0131 olmak. Kursiyerlerimiz buradan alacaklar\u0131 sertifikalar sayesinde hayvanc\u0131l\u0131\u011fa y\u00f6nelik projelerde di\u011fer kat\u0131l\u0131mc\u0131lardan daha avantajl\u0131 olacaklard\u0131r. Kad\u0131n \u00e7ift\u00e7ilerimiz de kursa ilgi g\u00f6stermi\u015flerdir&#8221; dedi.<br \/><\/p>\n","protected":false},"excerpt":{"rendered":"<p>K\u00fctahya\u2019n\u0131n Alt\u0131nta\u015f il\u00e7esinde \u0130l\u00e7e Tar\u0131m ve Orman M\u00fcd\u00fcrl\u00fc\u011f\u00fc ve Halk E\u011fitim Merkezi M\u00fcd\u00fcrl\u00fc\u011f\u00fc i\u015fbirli\u011fiyle besi s\u0131\u011f\u0131r\u0131 yeti\u015ftiricili\u011fi kursu a\u00e7\u0131ld\u0131\u011f\u0131 bildirildi. \u0130l\u00e7e Tar\u0131m ve Orman M\u00fcd\u00fcrl\u00fc\u011f\u00fcnde tar\u0131m ve hayvanc\u0131l\u0131k sekt\u00f6rlerinin geli\u015fmesi ve nitelikli \u00fcretici say\u0131s\u0131n\u0131n art\u0131r\u0131lmas\u0131 amac\u0131yla a\u00e7\u0131lan besi s\u0131\u011f\u0131r\u0131 yeti\u015ftiricili\u011fi kursunda kursiyerlere, \u0130l\u00e7e Tar\u0131m M\u00fcd\u00fcr\u00fc Yusuf Ba\u015fan, Ziraat M\u00fchendisi \u0130smail Ersen Atl\u0131 ve Veteriner Hekim&#8230;<\/p>\n","protected":false},"author":1,"featured_media":40345,"comment_status":"open","ping_status":"open","sticky":false,"template":"","format":"standard","meta":{"_crdt_document":"","footnotes":""},"categories":[1],"tags":[],"class_list":["post-40344","post","type-post","status-publish","format-standard","has-post-thumbnail","hentry","category-guncel"],"_links":{"self":[{"href":"https:\/\/www.egemtv.com\/index.php?rest_route=\/wp\/v2\/posts\/40344","targetHints":{"allow":["GET"]}}],"collection":[{"href":"https:\/\/www.egemtv.com\/index.php?rest_route=\/wp\/v2\/posts"}],"about":[{"href":"https:\/\/www.egemtv.com\/index.php?rest_route=\/wp\/v2\/types\/post"}],"author":[{"embeddable":true,"href":"https:\/\/www.egemtv.com\/index.php?rest_route=\/wp\/v2\/users\/1"}],"replies":[{"embeddable":true,"href":"https:\/\/www.egemtv.com\/index.php?rest_route=%2Fwp%2Fv2%2Fcomments&post=40344"}],"version-history":[{"count":1,"href":"https:\/\/www.egemtv.com\/index.php?rest_route=\/wp\/v2\/posts\/40344\/revisions"}],"predecessor-version":[{"id":40346,"href":"https:\/\/www.egemtv.com\/index.php?rest_route=\/wp\/v2\/posts\/40344\/revisions\/40346"}],"wp:featuredmedia":[{"embeddable":true,"href":"https:\/\/www.egemtv.com\/index.php?rest_route=\/wp\/v2\/media\/40345"}],"wp:attachment":[{"href":"https:\/\/www.egemtv.com\/index.php?rest_route=%2Fwp%2Fv2%2Fmedia&parent=40344"}],"wp:term":[{"taxonomy":"category","embeddable":true,"href":"https:\/\/www.egemtv.com\/index.php?rest_route=%2Fwp%2Fv2%2Fcategories&post=40344"},{"taxonomy":"post_tag","embeddable":true,"href":"https:\/\/www.egemtv.com\/index.php?rest_route=%2Fwp%2Fv2%2Ftags&post=40344"}],"curies":[{"name":"wp","href":"https:\/\/api.w.org\/{rel}","templated":true}]}}